{"id":82079,"date":"2026-01-21T09:14:39","date_gmt":"2026-01-21T06:14:39","guid":{"rendered":"https:\/\/www.egemtv.com\/?p=82079"},"modified":"2026-01-21T09:14:40","modified_gmt":"2026-01-21T06:14:40","slug":"dusunce-rotasi-derneginden-bayrak-provokasyonuna-tepki","status":"publish","type":"post","link":"https:\/\/www.egemtv.com\/?p=82079","title":{"rendered":"D\u00fc\u015f\u00fcnce Rotas\u0131 Derne\u011finden bayrak provokasyonuna tepki"},"content":{"rendered":"<p>D\u00fc\u015f\u00fcnce Rotas\u0131 Derne\u011fi Genel Ba\u015fkan\u0131 Fatih K\u00f6se, Mardin\u2019in Nusaybin il\u00e7esinde T\u00fcrk bayra\u011f\u0131na y\u00f6nelik sald\u0131r\u0131ya tepki g\u00f6stererek, &#8220;Bayra\u011f\u0131m\u0131z\u0131 hedef alanlar bilmelidir ki, bu topraklarda ay y\u0131ld\u0131zl\u0131 bayrak sonsuza kadar dalgalanmaya devam edecektir. Devletimizin g\u00fcvenlik g\u00fc\u00e7lerine olan inanc\u0131m\u0131z tamd\u0131r&#8221; dedi.<br \/>\n<br \/>D\u00fc\u015f\u00fcnce Rotas\u0131 Derne\u011fi Genel Ba\u015fkan\u0131 Fatih K\u00f6se, Mardin\u2019in Nusaybin il\u00e7esinde T\u00fcrk bayra\u011f\u0131na y\u00f6nelik sald\u0131r\u0131ya ili\u015fkin yaz\u0131l\u0131 bir a\u00e7\u0131klama yapt\u0131. &#8220;Bu al\u00e7ak sald\u0131r\u0131 sadece bayra\u011f\u0131m\u0131za de\u011fil, milletimizin birli\u011fine ve devletimizin egemenli\u011fine yap\u0131lm\u0131\u015ft\u0131r&#8221; diyen K\u00f6se, ya\u015fanan olay\u0131n kabul edilemez oldu\u011funu vurgulayarak, faillerin en a\u011f\u0131r \u015fekilde cezaland\u0131r\u0131lmas\u0131 gerekti\u011fini ifade etti. T\u00fcrk bayra\u011f\u0131n\u0131n milletin ba\u011f\u0131ms\u0131zl\u0131\u011f\u0131n\u0131n ve \u015fehitlerin emaneti oldu\u011funu belirten K\u00f6se, &#8220;Ay y\u0131ld\u0131zl\u0131 bayra\u011f\u0131m\u0131za uzanan her el, bu milletin tamam\u0131n\u0131 kar\u015f\u0131s\u0131nda bulur. Nusaybin\u2019de ya\u015fanan bu provokatif eylem, toplumsal huzuru bozmay\u0131 ve devletimizin g\u00fcc\u00fcn\u00fc test etmeyi ama\u00e7lamaktad\u0131r&#8221; ifadelerini kulland\u0131. K\u00f6se, T\u00fcrkiye Cumhuriyeti\u2019nin birlik ve beraberli\u011finin bu t\u00fcr sald\u0131r\u0131larla asla zedelenemeyece\u011fini belirterek, &#8220;Bayra\u011f\u0131m\u0131z\u0131 hedef alanlar bilmelidir ki, bu topraklarda ay y\u0131ld\u0131zl\u0131 bayrak sonsuza kadar dalgalanmaya devam edecektir. Devletimizin g\u00fcvenlik g\u00fc\u00e7lerine olan inanc\u0131m\u0131z tamd\u0131r&#8221; dedi.<br \/>\n<br \/>K\u00f6se, sa\u011fduyu \u00e7a\u011fr\u0131s\u0131nda bulunarak, vatanda\u015flar\u0131n provokasyonlara kar\u015f\u0131 dikkatli olmas\u0131 gerekti\u011fini s\u00f6zlerine ekledi.<br \/><\/p>\n","protected":false},"excerpt":{"rendered":"<p>D\u00fc\u015f\u00fcnce Rotas\u0131 Derne\u011fi Genel Ba\u015fkan\u0131 Fatih K\u00f6se, Mardin\u2019in Nusaybin il\u00e7esinde T\u00fcrk bayra\u011f\u0131na y\u00f6nelik sald\u0131r\u0131ya tepki g\u00f6stererek, &#8220;Bayra\u011f\u0131m\u0131z\u0131 hedef alanlar bilmelidir ki, bu topraklarda ay y\u0131ld\u0131zl\u0131 bayrak sonsuza kadar dalgalanmaya devam edecektir. Devletimizin g\u00fcvenlik g\u00fc\u00e7lerine olan inanc\u0131m\u0131z tamd\u0131r&#8221; dedi. D\u00fc\u015f\u00fcnce Rotas\u0131 Derne\u011fi Genel Ba\u015fkan\u0131 Fatih K\u00f6se, Mardin\u2019in Nusaybin il\u00e7esinde T\u00fcrk bayra\u011f\u0131na y\u00f6nelik sald\u0131r\u0131ya ili\u015fkin yaz\u0131l\u0131 bir&#8230;<\/p>\n","protected":false},"author":1,"featured_media":82080,"comment_status":"open","ping_status":"open","sticky":false,"template":"","format":"standard","meta":{"_crdt_document":"","footnotes":""},"categories":[127],"tags":[],"class_list":["post-82079","post","type-post","status-publish","format-standard","has-post-thumbnail","hentry","category-siyaset"],"_links":{"self":[{"href":"https:\/\/www.egemtv.com\/index.php?rest_route=\/wp\/v2\/posts\/82079","targetHints":{"allow":["GET"]}}],"collection":[{"href":"https:\/\/www.egemtv.com\/index.php?rest_route=\/wp\/v2\/posts"}],"about":[{"href":"https:\/\/www.egemtv.com\/index.php?rest_route=\/wp\/v2\/types\/post"}],"author":[{"embeddable":true,"href":"https:\/\/www.egemtv.com\/index.php?rest_route=\/wp\/v2\/users\/1"}],"replies":[{"embeddable":true,"href":"https:\/\/www.egemtv.com\/index.php?rest_route=%2Fwp%2Fv2%2Fcomments&post=82079"}],"version-history":[{"count":1,"href":"https:\/\/www.egemtv.com\/index.php?rest_route=\/wp\/v2\/posts\/82079\/revisions"}],"predecessor-version":[{"id":82081,"href":"https:\/\/www.egemtv.com\/index.php?rest_route=\/wp\/v2\/posts\/82079\/revisions\/82081"}],"wp:featuredmedia":[{"embeddable":true,"href":"https:\/\/www.egemtv.com\/index.php?rest_route=\/wp\/v2\/media\/82080"}],"wp:attachment":[{"href":"https:\/\/www.egemtv.com\/index.php?rest_route=%2Fwp%2Fv2%2Fmedia&parent=82079"}],"wp:term":[{"taxonomy":"category","embeddable":true,"href":"https:\/\/www.egemtv.com\/index.php?rest_route=%2Fwp%2Fv2%2Fcategories&post=82079"},{"taxonomy":"post_tag","embeddable":true,"href":"https:\/\/www.egemtv.com\/index.php?rest_route=%2Fwp%2Fv2%2Ftags&post=82079"}],"curies":[{"name":"wp","href":"https:\/\/api.w.org\/{rel}","templated":true}]}}