{"id":82076,"date":"2026-01-21T08:34:37","date_gmt":"2026-01-21T05:34:37","guid":{"rendered":"https:\/\/www.egemtv.com\/?p=82076"},"modified":"2026-01-21T08:34:38","modified_gmt":"2026-01-21T05:34:38","slug":"apartmanda-cikan-yanginda-5-kisi-dumandan-etkilendi","status":"publish","type":"post","link":"https:\/\/www.egemtv.com\/?p=82076","title":{"rendered":"Apartmanda \u00e7\u0131kan yang\u0131nda 5 ki\u015fi dumandan etkilendi"},"content":{"rendered":"<p>Afyonkarahisar\u2019da bir apartmanda \u00e7\u0131kan yang\u0131nda dumandan etkilenen 5 ki\u015fi hastaneye kald\u0131r\u0131ld\u0131.<br \/>\n<br \/>Olay, kent merkezi Cumhuriyet Mahallesi A\u015fa\u011f\u0131 Ambaryolu Caddesi\u2019nde meydana geldi. Edinilen bilgilere g\u00f6re, caddede bulunan 6 katl\u0131 apartman\u0131n 4. kat\u0131ndaki dairede hen\u00fcz belirlenemeyen bir sebepten \u00f6t\u00fcr\u00fc yang\u0131n \u00e7\u0131kt\u0131. Yang\u0131n\u0131n ard\u0131ndan \u00e7evredekilerin haber vermesiyle b\u00f6lgeye \u00e7ok say\u0131da itfaiye ekibi sevk edildi. Olay yerine gelen ekipler yang\u0131na m\u00fcdahale ederek s\u00f6nd\u00fcrd\u00fc. Yang\u0131nda dumandan etkilenen 5 ki\u015fi hastaneye kald\u0131r\u0131ld\u0131.<br \/>\n<br \/>Yang\u0131n\u0131n \u00e7\u0131k\u0131\u015f nedeninin belirlenmesi i\u00e7in inceleme ba\u015flat\u0131ld\u0131.<br \/><\/p>\n","protected":false},"excerpt":{"rendered":"<p>Afyonkarahisar\u2019da bir apartmanda \u00e7\u0131kan yang\u0131nda dumandan etkilenen 5 ki\u015fi hastaneye kald\u0131r\u0131ld\u0131. Olay, kent merkezi Cumhuriyet Mahallesi A\u015fa\u011f\u0131 Ambaryolu Caddesi\u2019nde meydana geldi. Edinilen bilgilere g\u00f6re, caddede bulunan 6 katl\u0131 apartman\u0131n 4. kat\u0131ndaki dairede hen\u00fcz belirlenemeyen bir sebepten \u00f6t\u00fcr\u00fc yang\u0131n \u00e7\u0131kt\u0131. Yang\u0131n\u0131n ard\u0131ndan \u00e7evredekilerin haber vermesiyle b\u00f6lgeye \u00e7ok say\u0131da itfaiye ekibi sevk edildi. Olay yerine gelen ekipler&#8230;<\/p>\n","protected":false},"author":1,"featured_media":82077,"comment_status":"open","ping_status":"open","sticky":false,"template":"","format":"standard","meta":{"_crdt_document":"","footnotes":""},"categories":[5],"tags":[],"class_list":["post-82076","post","type-post","status-publish","format-standard","has-post-thumbnail","hentry","category-asayis"],"_links":{"self":[{"href":"https:\/\/www.egemtv.com\/index.php?rest_route=\/wp\/v2\/posts\/82076","targetHints":{"allow":["GET"]}}],"collection":[{"href":"https:\/\/www.egemtv.com\/index.php?rest_route=\/wp\/v2\/posts"}],"about":[{"href":"https:\/\/www.egemtv.com\/index.php?rest_route=\/wp\/v2\/types\/post"}],"author":[{"embeddable":true,"href":"https:\/\/www.egemtv.com\/index.php?rest_route=\/wp\/v2\/users\/1"}],"replies":[{"embeddable":true,"href":"https:\/\/www.egemtv.com\/index.php?rest_route=%2Fwp%2Fv2%2Fcomments&post=82076"}],"version-history":[{"count":1,"href":"https:\/\/www.egemtv.com\/index.php?rest_route=\/wp\/v2\/posts\/82076\/revisions"}],"predecessor-version":[{"id":82078,"href":"https:\/\/www.egemtv.com\/index.php?rest_route=\/wp\/v2\/posts\/82076\/revisions\/82078"}],"wp:featuredmedia":[{"embeddable":true,"href":"https:\/\/www.egemtv.com\/index.php?rest_route=\/wp\/v2\/media\/82077"}],"wp:attachment":[{"href":"https:\/\/www.egemtv.com\/index.php?rest_route=%2Fwp%2Fv2%2Fmedia&parent=82076"}],"wp:term":[{"taxonomy":"category","embeddable":true,"href":"https:\/\/www.egemtv.com\/index.php?rest_route=%2Fwp%2Fv2%2Fcategories&post=82076"},{"taxonomy":"post_tag","embeddable":true,"href":"https:\/\/www.egemtv.com\/index.php?rest_route=%2Fwp%2Fv2%2Ftags&post=82076"}],"curies":[{"name":"wp","href":"https:\/\/api.w.org\/{rel}","templated":true}]}}