{"id":82073,"date":"2026-01-20T23:40:16","date_gmt":"2026-01-20T20:40:16","guid":{"rendered":"https:\/\/www.egemtv.com\/?p=82073"},"modified":"2026-01-20T23:40:17","modified_gmt":"2026-01-20T20:40:17","slug":"mugla-merkezli-organize-suc-orgutu-operasyonu-11-gozalti","status":"publish","type":"post","link":"https:\/\/www.egemtv.com\/?p=82073","title":{"rendered":"Mu\u011fla merkezli organize su\u00e7 \u00f6rg\u00fct\u00fc operasyonu: 11 g\u00f6zalt\u0131"},"content":{"rendered":"<p>Mu\u011fla merkezli 4 ilde d\u00fczenlenen operasyonlarda &#8220;Daltonlar&#8221; ve &#8220;Casperlar&#8221; adl\u0131 organize su\u00e7 \u00f6rg\u00fct\u00fc \u00fcyesi 11 \u015f\u00fcpheli yakaland\u0131.<br \/>\n<br \/>Mu\u011fla Emniyet M\u00fcd\u00fcrl\u00fc\u011f\u00fc\u2019ne ba\u011fl\u0131 \u0130stihbarat ile Ka\u00e7ak\u00e7\u0131l\u0131k ve Organize Su\u00e7larla M\u00fccadele (KOM) \u015eube M\u00fcd\u00fcrl\u00fc\u011f\u00fc ekipleri, b\u00f6lge huzurunu tehdit eden su\u00e7 organizasyonlar\u0131na y\u00f6nelik bir operasyon ger\u00e7ekle\u015ftirdi. Edinilen bilgiye g\u00f6re Fethiye Cumhuriyet Ba\u015fsavc\u0131l\u0131\u011f\u0131 koordinesinde y\u00fcr\u00fct\u00fclen soru\u015fturma kapsam\u0131nda yap\u0131lan teknik ve fiziki takibin ard\u0131ndan operasyon i\u00e7in d\u00fc\u011fmeye bas\u0131ld\u0131. Harekete ge\u00e7en ekipler, Mu\u011fla\u2019n\u0131n Fethiye, Seydikemer, Mente\u015fe, Dat\u00e7a ve Bodrum il\u00e7eleri ile \u0130stanbul, Ankara, Mardin ve Hatay illerinde operasyon ger\u00e7ekle\u015ftirdi. Belirlenen adreslere yap\u0131lan e\u015f zamanl\u0131 bask\u0131nlarda, kendilerini &#8220;Daltonlar&#8221; ve &#8220;Casperlar&#8221; olarak adland\u0131ran organize su\u00e7 \u00f6rg\u00fct\u00fc \u00fcyesi toplam 11 \u015f\u00fcpheli k\u0131sk\u0131vrak yakalanarak g\u00f6zalt\u0131na al\u0131nd\u0131. Ayr\u0131ca adreslerde yap\u0131lan aramalarda, su\u00e7 \u00f6rg\u00fct\u00fcn\u00fcn faaliyetlerinde kulland\u0131\u011f\u0131 de\u011ferlendirilen \u00e7ok say\u0131da materyal, 2 adet ruhsats\u0131z tabanca, 2 adet pompal\u0131 t\u00fcfek ve \u00e7ok say\u0131da fi\u015fek ile \u00e7e\u015fitli su\u00e7 unsurlar\u0131na el konuldu. Olayla ilgili soru\u015fturma s\u00fcr\u00fcyor.<br \/><\/p>\n","protected":false},"excerpt":{"rendered":"<p>Mu\u011fla merkezli 4 ilde d\u00fczenlenen operasyonlarda &#8220;Daltonlar&#8221; ve &#8220;Casperlar&#8221; adl\u0131 organize su\u00e7 \u00f6rg\u00fct\u00fc \u00fcyesi 11 \u015f\u00fcpheli yakaland\u0131. Mu\u011fla Emniyet M\u00fcd\u00fcrl\u00fc\u011f\u00fc\u2019ne ba\u011fl\u0131 \u0130stihbarat ile Ka\u00e7ak\u00e7\u0131l\u0131k ve Organize Su\u00e7larla M\u00fccadele (KOM) \u015eube M\u00fcd\u00fcrl\u00fc\u011f\u00fc ekipleri, b\u00f6lge huzurunu tehdit eden su\u00e7 organizasyonlar\u0131na y\u00f6nelik bir operasyon ger\u00e7ekle\u015ftirdi. Edinilen bilgiye g\u00f6re Fethiye Cumhuriyet Ba\u015fsavc\u0131l\u0131\u011f\u0131 koordinesinde y\u00fcr\u00fct\u00fclen soru\u015fturma kapsam\u0131nda yap\u0131lan teknik ve&#8230;<\/p>\n","protected":false},"author":1,"featured_media":82074,"comment_status":"open","ping_status":"open","sticky":false,"template":"","format":"standard","meta":{"_crdt_document":"","footnotes":""},"categories":[5],"tags":[],"class_list":["post-82073","post","type-post","status-publish","format-standard","has-post-thumbnail","hentry","category-asayis"],"_links":{"self":[{"href":"https:\/\/www.egemtv.com\/index.php?rest_route=\/wp\/v2\/posts\/82073","targetHints":{"allow":["GET"]}}],"collection":[{"href":"https:\/\/www.egemtv.com\/index.php?rest_route=\/wp\/v2\/posts"}],"about":[{"href":"https:\/\/www.egemtv.com\/index.php?rest_route=\/wp\/v2\/types\/post"}],"author":[{"embeddable":true,"href":"https:\/\/www.egemtv.com\/index.php?rest_route=\/wp\/v2\/users\/1"}],"replies":[{"embeddable":true,"href":"https:\/\/www.egemtv.com\/index.php?rest_route=%2Fwp%2Fv2%2Fcomments&post=82073"}],"version-history":[{"count":1,"href":"https:\/\/www.egemtv.com\/index.php?rest_route=\/wp\/v2\/posts\/82073\/revisions"}],"predecessor-version":[{"id":82075,"href":"https:\/\/www.egemtv.com\/index.php?rest_route=\/wp\/v2\/posts\/82073\/revisions\/82075"}],"wp:featuredmedia":[{"embeddable":true,"href":"https:\/\/www.egemtv.com\/index.php?rest_route=\/wp\/v2\/media\/82074"}],"wp:attachment":[{"href":"https:\/\/www.egemtv.com\/index.php?rest_route=%2Fwp%2Fv2%2Fmedia&parent=82073"}],"wp:term":[{"taxonomy":"category","embeddable":true,"href":"https:\/\/www.egemtv.com\/index.php?rest_route=%2Fwp%2Fv2%2Fcategories&post=82073"},{"taxonomy":"post_tag","embeddable":true,"href":"https:\/\/www.egemtv.com\/index.php?rest_route=%2Fwp%2Fv2%2Ftags&post=82073"}],"curies":[{"name":"wp","href":"https:\/\/api.w.org\/{rel}","templated":true}]}}