{"id":81941,"date":"2026-01-20T14:35:46","date_gmt":"2026-01-20T11:35:46","guid":{"rendered":"https:\/\/www.egemtv.com\/?p=81941"},"modified":"2026-01-20T14:35:47","modified_gmt":"2026-01-20T11:35:47","slug":"yatagan-pazaryeri-modern-ve-konforlu-bir-yapiya-kavusuyor","status":"publish","type":"post","link":"https:\/\/www.egemtv.com\/?p=81941","title":{"rendered":"Yata\u011fan pazaryeri modern ve konforlu bir yap\u0131ya kavu\u015fuyor"},"content":{"rendered":"<p>Mu\u011fla B\u00fcy\u00fck\u015fehir Belediyesi\u2019nin Yata\u011fan Pazaryerinde ba\u015flatt\u0131\u011f\u0131 bak\u0131m, onar\u0131m ve tadilat \u00e7al\u0131\u015fmalar\u0131 t\u00fcm h\u0131z\u0131yla devam ediyor. Yakla\u015f\u0131k 17 milyon 305 bin TL\u2019lik yat\u0131r\u0131mla hayata ge\u00e7irilen proje, pazaryerini modern ve i\u015flevsel bir yap\u0131ya kavu\u015fturmay\u0131 hedefliyor.<br \/>\n<br \/>Mu\u011fla B\u00fcy\u00fck\u015fehir Belediyesi, Yata\u011fan il\u00e7esinde vatanda\u015flara daha sa\u011fl\u0131kl\u0131, g\u00fcvenli ve konforlu bir al\u0131\u015fveri\u015f ortam\u0131 sunmak amac\u0131yla pazaryerinde kapsaml\u0131 bir yenileme \u00e7al\u0131\u015fmas\u0131 y\u00fcr\u00fct\u00fcyor. B\u00fcy\u00fck\u015fehir Belediyesi taraf\u0131ndan ba\u015flat\u0131lan proje kapsam\u0131nda pazaryerinin \u00e7at\u0131dan zemine kadar bir\u00e7ok noktas\u0131 ba\u015ftan sona yenileniyor.<br \/>\n<br \/>\u00c7at\u0131 y\u00fckseltiliyor, serinletme sistemleri kuruluyor<br \/>\n<br \/>Proje kapsam\u0131nda mevcut pazaryerinin \u00e7at\u0131 y\u00fcksekli\u011fi art\u0131r\u0131lacak. Yaz aylar\u0131nda vatanda\u015flar\u0131n daha rahat al\u0131\u015fveri\u015f yapabilmesi amac\u0131yla pazaryerine serinletme sistemleri kurulacak. Mevcut \u00e7elik yap\u0131, ilave \u00e7elik kolonlarla g\u00fc\u00e7lendirilirken, \u00e7at\u0131 \u00f6rt\u00fcs\u00fc sandvi\u00e7 panellerle yenilenecek.<br \/>\n<br \/>Zemin yenileniyor, drenaj sorunu \u00e7\u00f6z\u00fcl\u00fcyor<br \/>\n<br \/>\u00c7al\u0131\u015fmalar kapsam\u0131nda pazaryerinde yer alan i\u015fyerlerinde do\u011frama ve kepenk imalatlar\u0131 ger\u00e7ekle\u015ftirilecek. Ayr\u0131ca i\u00e7 ve d\u0131\u015f cephelerde s\u0131va ve boya tadilatlar\u0131 yap\u0131lacak. Pazaryeri zeminine \u00e7elik has\u0131rl\u0131 saha betonu d\u00f6k\u00fclerek alan daha dayan\u0131kl\u0131 hale getirilirken temizlik s\u0131ras\u0131nda olu\u015fan y\u0131kama sular\u0131n\u0131n tahliyesi i\u00e7in ise kanal imalat\u0131 yap\u0131lacak.<br \/>\n<br \/>Mustafa Gereme: &#8220;Esnaf ve vatanda\u015f i\u00e7in \u00f6nemli bir proje&#8221;<br \/>\n<br \/>Pazaryeri esnaflar\u0131ndan Mustafa Gereme, yap\u0131lan \u00e7al\u0131\u015fmalarla ilgili, &#8220;Pazaryerimizin yenilenmesiyle bir\u00e7ok s\u0131k\u0131nt\u0131dan kurtulaca\u011f\u0131z. \u00d6nceden yerimiz bas\u0131k kal\u0131yordu, \u015fimdi pazaryerinin \u00e7at\u0131 y\u00fcksekli\u011fi art\u0131r\u0131l\u0131yor. Esnaf ve vatanda\u015f i\u00e7in \u00f6nemli bir projeydi. Ahmet Ba\u015fkan\u0131m\u0131za bu proje i\u00e7in te\u015fekk\u00fcr ediyoruz&#8221; diye konu\u015ftu.<br \/>\n<br \/>Ba\u015fkan Aras: &#8220;Yata\u011fan\u2019\u0131m\u0131za yak\u0131\u015f\u0131r bir pazaryeri olu\u015fturuyoruz&#8221;<br \/>\n<br \/>K\u0131y\u0131 Ege Belediyeler Birli\u011fi ve Mu\u011fla B\u00fcy\u00fck\u015fehir Belediye Ba\u015fkan\u0131 Ahmet Aras, Yata\u011fan Pazaryerinde y\u00fcr\u00fct\u00fclen \u00e7al\u0131\u015fmalarla ilgili yapt\u0131\u011f\u0131 a\u00e7\u0131klamada, &#8220;Yata\u011fan Pazaryerinde ba\u015flatt\u0131\u011f\u0131m\u0131z bu \u00e7al\u0131\u015fma ile esnaf\u0131m\u0131z\u0131n ve vatanda\u015flar\u0131m\u0131z\u0131n daha sa\u011fl\u0131kl\u0131, g\u00fcvenli ve konforlu bir ortamda bir araya gelmesini ama\u00e7l\u0131yoruz. Yata\u011fan\u2019\u0131m\u0131za yak\u0131\u015f\u0131r, modern ve i\u015flevsel bir pazaryerini en k\u0131sa s\u00fcrede hem\u015fehrilerimizin hizmetine sunaca\u011f\u0131z. 13 il\u00e7emizin ihtiya\u00e7lar\u0131n\u0131 yerinde tespit ederek yat\u0131r\u0131mlar\u0131m\u0131z\u0131 s\u00fcrd\u00fcr\u00fcyor, Mu\u011fla\u2019m\u0131z\u0131n her k\u00f6\u015fesinde ya\u015fam kalitesini art\u0131rmaya devam ediyoruz&#8221; dedi.<br \/><\/p>\n","protected":false},"excerpt":{"rendered":"<p>Mu\u011fla B\u00fcy\u00fck\u015fehir Belediyesi\u2019nin Yata\u011fan Pazaryerinde ba\u015flatt\u0131\u011f\u0131 bak\u0131m, onar\u0131m ve tadilat \u00e7al\u0131\u015fmalar\u0131 t\u00fcm h\u0131z\u0131yla devam ediyor. Yakla\u015f\u0131k 17 milyon 305 bin TL\u2019lik yat\u0131r\u0131mla hayata ge\u00e7irilen proje, pazaryerini modern ve i\u015flevsel bir yap\u0131ya kavu\u015fturmay\u0131 hedefliyor. Mu\u011fla B\u00fcy\u00fck\u015fehir Belediyesi, Yata\u011fan il\u00e7esinde vatanda\u015flara daha sa\u011fl\u0131kl\u0131, g\u00fcvenli ve konforlu bir al\u0131\u015fveri\u015f ortam\u0131 sunmak amac\u0131yla pazaryerinde kapsaml\u0131 bir yenileme \u00e7al\u0131\u015fmas\u0131 y\u00fcr\u00fct\u00fcyor&#8230;.<\/p>\n","protected":false},"author":1,"featured_media":81942,"comment_status":"open","ping_status":"open","sticky":false,"template":"","format":"standard","meta":{"_crdt_document":"","footnotes":""},"categories":[1],"tags":[],"class_list":["post-81941","post","type-post","status-publish","format-standard","has-post-thumbnail","hentry","category-guncel"],"_links":{"self":[{"href":"https:\/\/www.egemtv.com\/index.php?rest_route=\/wp\/v2\/posts\/81941","targetHints":{"allow":["GET"]}}],"collection":[{"href":"https:\/\/www.egemtv.com\/index.php?rest_route=\/wp\/v2\/posts"}],"about":[{"href":"https:\/\/www.egemtv.com\/index.php?rest_route=\/wp\/v2\/types\/post"}],"author":[{"embeddable":true,"href":"https:\/\/www.egemtv.com\/index.php?rest_route=\/wp\/v2\/users\/1"}],"replies":[{"embeddable":true,"href":"https:\/\/www.egemtv.com\/index.php?rest_route=%2Fwp%2Fv2%2Fcomments&post=81941"}],"version-history":[{"count":1,"href":"https:\/\/www.egemtv.com\/index.php?rest_route=\/wp\/v2\/posts\/81941\/revisions"}],"predecessor-version":[{"id":81943,"href":"https:\/\/www.egemtv.com\/index.php?rest_route=\/wp\/v2\/posts\/81941\/revisions\/81943"}],"wp:featuredmedia":[{"embeddable":true,"href":"https:\/\/www.egemtv.com\/index.php?rest_route=\/wp\/v2\/media\/81942"}],"wp:attachment":[{"href":"https:\/\/www.egemtv.com\/index.php?rest_route=%2Fwp%2Fv2%2Fmedia&parent=81941"}],"wp:term":[{"taxonomy":"category","embeddable":true,"href":"https:\/\/www.egemtv.com\/index.php?rest_route=%2Fwp%2Fv2%2Fcategories&post=81941"},{"taxonomy":"post_tag","embeddable":true,"href":"https:\/\/www.egemtv.com\/index.php?rest_route=%2Fwp%2Fv2%2Ftags&post=81941"}],"curies":[{"name":"wp","href":"https:\/\/api.w.org\/{rel}","templated":true}]}}