{"id":81938,"date":"2026-01-20T14:35:44","date_gmt":"2026-01-20T11:35:44","guid":{"rendered":"https:\/\/www.egemtv.com\/?p=81938"},"modified":"2026-01-20T14:35:46","modified_gmt":"2026-01-20T11:35:46","slug":"belediye-meclis-uyesi-turkozun-aci-gunu","status":"publish","type":"post","link":"https:\/\/www.egemtv.com\/?p=81938","title":{"rendered":"Belediye Meclis \u00dcyesi T\u00fcrk\u00f6z\u2019\u00fcn ac\u0131 g\u00fcn\u00fc"},"content":{"rendered":"<p>AK Parti Bozdo\u011fan Belediye Meclis \u00dcyesi ve Ayd\u0131n B\u00fcy\u00fck\u015fehir Belediye Meclis \u00dcyesi Nazif T\u00fcrk\u00f6z\u2019\u00fcn annesi Fatma T\u00fcrk\u00f6z hayat\u0131n\u0131 kaybetti.<\/p>\n<p>Ya\u015fl\u0131l\u0131\u011fa ba\u011fl\u0131 hastal\u0131klar nedeniyle bir s\u00fcredir hastanede tedavi g\u00f6ren Fatma T\u00fcrk\u00f6z doktorlar\u0131n t\u00fcm \u00e7abalar\u0131na ra\u011fmen kurtar\u0131lamad\u0131. Hayata g\u00f6zlerini kapayan T\u00fcrk\u00f6z\u2019\u00fcn vefat\u0131 ailesi ve yak\u0131nlar\u0131n\u0131 yasa bo\u011fdu. Merhumenin cenazesi, \u00f6\u011fle namaz\u0131na m\u00fcteakip Bozdo\u011fan Kazandere Mahallesi Camii\u2019nden kald\u0131r\u0131larak son yolculu\u011funa u\u011furland\u0131. Bozdo\u011fan Belediye Ba\u015fkan\u0131 M. Galip \u00d6zel, &#8220;Merhumeye Allah\u2019tan rahmet, ba\u015fta Nazif T\u00fcrk\u00f6z olmak \u00fczere T\u00fcrk\u00f6z ailesine ve yak\u0131nlar\u0131na ba\u015fsa\u011fl\u0131\u011f\u0131 ve sab\u0131r diliyorum&#8221; ifadelerini kulland\u0131.<br \/><\/p>\n","protected":false},"excerpt":{"rendered":"<p>AK Parti Bozdo\u011fan Belediye Meclis \u00dcyesi ve Ayd\u0131n B\u00fcy\u00fck\u015fehir Belediye Meclis \u00dcyesi Nazif T\u00fcrk\u00f6z\u2019\u00fcn annesi Fatma T\u00fcrk\u00f6z hayat\u0131n\u0131 kaybetti. Ya\u015fl\u0131l\u0131\u011fa ba\u011fl\u0131 hastal\u0131klar nedeniyle bir s\u00fcredir hastanede tedavi g\u00f6ren Fatma T\u00fcrk\u00f6z doktorlar\u0131n t\u00fcm \u00e7abalar\u0131na ra\u011fmen kurtar\u0131lamad\u0131. Hayata g\u00f6zlerini kapayan T\u00fcrk\u00f6z\u2019\u00fcn vefat\u0131 ailesi ve yak\u0131nlar\u0131n\u0131 yasa bo\u011fdu. Merhumenin cenazesi, \u00f6\u011fle namaz\u0131na m\u00fcteakip Bozdo\u011fan Kazandere Mahallesi Camii\u2019nden kald\u0131r\u0131larak&#8230;<\/p>\n","protected":false},"author":1,"featured_media":81939,"comment_status":"open","ping_status":"open","sticky":false,"template":"","format":"standard","meta":{"_crdt_document":"","footnotes":""},"categories":[1],"tags":[],"class_list":["post-81938","post","type-post","status-publish","format-standard","has-post-thumbnail","hentry","category-guncel"],"_links":{"self":[{"href":"https:\/\/www.egemtv.com\/index.php?rest_route=\/wp\/v2\/posts\/81938","targetHints":{"allow":["GET"]}}],"collection":[{"href":"https:\/\/www.egemtv.com\/index.php?rest_route=\/wp\/v2\/posts"}],"about":[{"href":"https:\/\/www.egemtv.com\/index.php?rest_route=\/wp\/v2\/types\/post"}],"author":[{"embeddable":true,"href":"https:\/\/www.egemtv.com\/index.php?rest_route=\/wp\/v2\/users\/1"}],"replies":[{"embeddable":true,"href":"https:\/\/www.egemtv.com\/index.php?rest_route=%2Fwp%2Fv2%2Fcomments&post=81938"}],"version-history":[{"count":1,"href":"https:\/\/www.egemtv.com\/index.php?rest_route=\/wp\/v2\/posts\/81938\/revisions"}],"predecessor-version":[{"id":81940,"href":"https:\/\/www.egemtv.com\/index.php?rest_route=\/wp\/v2\/posts\/81938\/revisions\/81940"}],"wp:featuredmedia":[{"embeddable":true,"href":"https:\/\/www.egemtv.com\/index.php?rest_route=\/wp\/v2\/media\/81939"}],"wp:attachment":[{"href":"https:\/\/www.egemtv.com\/index.php?rest_route=%2Fwp%2Fv2%2Fmedia&parent=81938"}],"wp:term":[{"taxonomy":"category","embeddable":true,"href":"https:\/\/www.egemtv.com\/index.php?rest_route=%2Fwp%2Fv2%2Fcategories&post=81938"},{"taxonomy":"post_tag","embeddable":true,"href":"https:\/\/www.egemtv.com\/index.php?rest_route=%2Fwp%2Fv2%2Ftags&post=81938"}],"curies":[{"name":"wp","href":"https:\/\/api.w.org\/{rel}","templated":true}]}}