{"id":81935,"date":"2026-01-20T14:15:20","date_gmt":"2026-01-20T11:15:20","guid":{"rendered":"https:\/\/www.egemtv.com\/?p=81935"},"modified":"2026-01-20T14:15:22","modified_gmt":"2026-01-20T11:15:22","slug":"aydin-buyuksehir-belediyesinden-acarlar-sehir-hastanesi-yolunda-peyzaj-duzenlemesi","status":"publish","type":"post","link":"https:\/\/www.egemtv.com\/?p=81935","title":{"rendered":"Ayd\u0131n B\u00fcy\u00fck\u015fehir Belediyesi\u2019nden Acarlar-\u015eehir Hastanesi yolunda peyzaj d\u00fczenlemesi"},"content":{"rendered":"<p>Ayd\u0131n B\u00fcy\u00fck\u015fehir Belediyesi taraf\u0131ndan yap\u0131m\u0131 tamamlanan Acarlar-\u015eehir Hastanesi yolunda, Park ve Bah\u00e7eler Dairesi Ba\u015fkanl\u0131\u011f\u0131 ekipleri taraf\u0131ndan kapsaml\u0131 peyzaj \u00e7al\u0131\u015fmalar\u0131 s\u00fcrd\u00fcr\u00fcl\u00fcyor.<\/p>\n<p>Ayd\u0131n B\u00fcy\u00fck\u015fehir Belediyesi, kent genelinde yol, \u00e7evre ve peyzaj \u00e7al\u0131\u015fmalar\u0131na aral\u0131ks\u0131z devam ediyor. Vatanda\u015flar\u0131n konforlu ve g\u00fcvenli bir ula\u015f\u0131m sa\u011flamas\u0131 amac\u0131yla hayata ge\u00e7irilen yol projesinin ard\u0131ndan \u00e7evre d\u00fczenleme \u00e7al\u0131\u015fmalar\u0131na h\u0131z veren ekipler,  yap\u0131m\u0131 tamamlanan Acarlar-\u015eehir Hastanesi yol g\u00fczergah\u0131 boyunca ref\u00fcj boyama ve ye\u015fil alan d\u00fczenlemeleri ger\u00e7ekle\u015ftiriyor. Yap\u0131lan peyzaj \u00e7al\u0131\u015fmalar\u0131yla yol hem estetik bir g\u00f6r\u00fcn\u00fcme kavu\u015fuyor hem de kent dokusuna uyumlu hale getiriliyor.<\/p>\n<p>T\u00fcm il\u00e7elerde \u00e7al\u0131\u015fmalar\u0131n devam edece\u011fini belirten Ayd\u0131n B\u00fcy\u00fck\u015fehir Belediye Ba\u015fkan\u0131 \u00d6zlem \u00c7er\u00e7io\u011flu, &#8220;Ayd\u0131n\u0131m\u0131z\u0131n t\u00fcm il\u00e7elerinde, k\u0131rsal mahalllelerden kent merkezlerine kadar \u00e7al\u0131\u015fmalar\u0131m\u0131za devam ediyoruz. Hem\u015fehrilerimizi hizmetlerimizle bulu\u015fturmay\u0131, proje ve yat\u0131r\u0131mlar\u0131m\u0131z\u0131 Ayd\u0131n\u2019a kazand\u0131rmay\u0131 s\u00fcrd\u00fcrece\u011fiz&#8221; ifadelerini kulland\u0131.<br \/><\/p>\n","protected":false},"excerpt":{"rendered":"<p>Ayd\u0131n B\u00fcy\u00fck\u015fehir Belediyesi taraf\u0131ndan yap\u0131m\u0131 tamamlanan Acarlar-\u015eehir Hastanesi yolunda, Park ve Bah\u00e7eler Dairesi Ba\u015fkanl\u0131\u011f\u0131 ekipleri taraf\u0131ndan kapsaml\u0131 peyzaj \u00e7al\u0131\u015fmalar\u0131 s\u00fcrd\u00fcr\u00fcl\u00fcyor. Ayd\u0131n B\u00fcy\u00fck\u015fehir Belediyesi, kent genelinde yol, \u00e7evre ve peyzaj \u00e7al\u0131\u015fmalar\u0131na aral\u0131ks\u0131z devam ediyor. Vatanda\u015flar\u0131n konforlu ve g\u00fcvenli bir ula\u015f\u0131m sa\u011flamas\u0131 amac\u0131yla hayata ge\u00e7irilen yol projesinin ard\u0131ndan \u00e7evre d\u00fczenleme \u00e7al\u0131\u015fmalar\u0131na h\u0131z veren ekipler, yap\u0131m\u0131 tamamlanan Acarlar-\u015eehir&#8230;<\/p>\n","protected":false},"author":1,"featured_media":81936,"comment_status":"open","ping_status":"open","sticky":false,"template":"","format":"standard","meta":{"_crdt_document":"","footnotes":""},"categories":[1],"tags":[],"class_list":["post-81935","post","type-post","status-publish","format-standard","has-post-thumbnail","hentry","category-guncel"],"_links":{"self":[{"href":"https:\/\/www.egemtv.com\/index.php?rest_route=\/wp\/v2\/posts\/81935","targetHints":{"allow":["GET"]}}],"collection":[{"href":"https:\/\/www.egemtv.com\/index.php?rest_route=\/wp\/v2\/posts"}],"about":[{"href":"https:\/\/www.egemtv.com\/index.php?rest_route=\/wp\/v2\/types\/post"}],"author":[{"embeddable":true,"href":"https:\/\/www.egemtv.com\/index.php?rest_route=\/wp\/v2\/users\/1"}],"replies":[{"embeddable":true,"href":"https:\/\/www.egemtv.com\/index.php?rest_route=%2Fwp%2Fv2%2Fcomments&post=81935"}],"version-history":[{"count":1,"href":"https:\/\/www.egemtv.com\/index.php?rest_route=\/wp\/v2\/posts\/81935\/revisions"}],"predecessor-version":[{"id":81937,"href":"https:\/\/www.egemtv.com\/index.php?rest_route=\/wp\/v2\/posts\/81935\/revisions\/81937"}],"wp:featuredmedia":[{"embeddable":true,"href":"https:\/\/www.egemtv.com\/index.php?rest_route=\/wp\/v2\/media\/81936"}],"wp:attachment":[{"href":"https:\/\/www.egemtv.com\/index.php?rest_route=%2Fwp%2Fv2%2Fmedia&parent=81935"}],"wp:term":[{"taxonomy":"category","embeddable":true,"href":"https:\/\/www.egemtv.com\/index.php?rest_route=%2Fwp%2Fv2%2Fcategories&post=81935"},{"taxonomy":"post_tag","embeddable":true,"href":"https:\/\/www.egemtv.com\/index.php?rest_route=%2Fwp%2Fv2%2Ftags&post=81935"}],"curies":[{"name":"wp","href":"https:\/\/api.w.org\/{rel}","templated":true}]}}