{"id":81932,"date":"2026-01-20T14:15:18","date_gmt":"2026-01-20T11:15:18","guid":{"rendered":"https:\/\/www.egemtv.com\/?p=81932"},"modified":"2026-01-20T14:15:19","modified_gmt":"2026-01-20T11:15:19","slug":"mihriban-cinayetinde-kan-donduran-ifade-oldugunu-anlayinca-ormana-gomdum","status":"publish","type":"post","link":"https:\/\/www.egemtv.com\/?p=81932","title":{"rendered":"Mihriban cinayetinde kan donduran ifade: &#8220;\u00d6ld\u00fc\u011f\u00fcn\u00fc anlay\u0131nca ormana g\u00f6md\u00fcm&#8221;"},"content":{"rendered":"<p>\u0130zmir\u2019in Bornova il\u00e7esinde kay\u0131p olarak aran\u0131rken ormanl\u0131k alanda g\u00f6m\u00fcl\u00fc cesedi bulunan 25 ya\u015f\u0131ndaki Mihriban Y\u0131lmaz\u2019\u0131n cinayet zanl\u0131s\u0131 F.\u0130.\u2019nin ifadesi ortaya \u00e7\u0131kt\u0131. Zanl\u0131 ifadesinde, &#8220;Niyetim Mihriban\u2019a zarar vermek de\u011fildi, panikleyince a\u011fz\u0131n\u0131 kapatt\u0131m. \u00d6ld\u00fc\u011f\u00fcn\u00fc anlay\u0131nca ormana g\u00f6md\u00fcm&#8221; dedi. \u00d6te yandan, zanl\u0131 F.\u0130.\u2019nin 2023 y\u0131l\u0131nda Manisa\u2019da bir fabrikada y\u00fcksekten d\u00fc\u015ferek hayat\u0131n\u0131 kaybeden Naile B\u00fc\u015fra Sar\u0131g\u00fcl\u2019\u00fcn (23) \u00f6l\u00fcm\u00fcyle ilgili de ba\u011flant\u0131s\u0131 tespit edildi.<\/p>\n<p>Bornova il\u00e7esi \u00dcmit Mahallesi\u2019nde meydana gelen olayda, 25 ya\u015f\u0131ndaki Mihriban Y\u0131lmaz\u2019dan haber alamayan yak\u0131nlar\u0131n\u0131n ihbar\u0131 \u00fczerine \u0130zmir Emniyet M\u00fcd\u00fcrl\u00fc\u011f\u00fc ekiplerince ba\u015flat\u0131lan geni\u015f \u00e7apl\u0131 soru\u015fturma, gen\u00e7 k\u0131z\u0131n bir cinayete kurban gitti\u011fini belirledi. G\u00fcvenlik kameralar\u0131n\u0131 inceleyen ve teknik takip yapan ekipler, cinayet zanl\u0131s\u0131 F.\u0130. (26) ile birlikte yard\u0131m ve yatakl\u0131k \u015f\u00fcphesi bulunan 4 ki\u015fiyi g\u00f6zalt\u0131na ald\u0131. Zanl\u0131n\u0131n yer g\u00f6stermesiyle talihsiz k\u0131z\u0131n cans\u0131z bedeni P\u0131narba\u015f\u0131 mevkisindeki ormanl\u0131k alanda g\u00f6m\u00fcl\u00fc halde bulundu. Yap\u0131lan incelemelerde, zanl\u0131n\u0131n sadece Mihriban Y\u0131lmaz\u2019\u0131 \u00f6ld\u00fcrmedi\u011fi, 2023 y\u0131l\u0131nda Manisa\u2019da y\u00fcksekten d\u00fc\u015ferek \u00f6ld\u00fc\u011f\u00fc san\u0131lan Naile B\u00fc\u015fra Sar\u0131g\u00fcl dosyas\u0131n\u0131n da ba\u015f \u015f\u00fcphelisi oldu\u011fu anla\u015f\u0131ld\u0131 ve bu su\u00e7tan da tutukland\u0131.<\/p>\n<p>&#8220;Panikledim ve d\u00fc\u015f\u00fcnce kabiliyetimi kaybettim&#8221;<br \/>\n<br \/>\u0130zmir \u0130l Emniyet M\u00fcd\u00fcrl\u00fc\u011f\u00fc ekiplerinin titiz \u00e7al\u0131\u015fmas\u0131 sonucu yakalanan cinayet zanl\u0131s\u0131 F.\u0130., emniyetteki ifadesinde olay g\u00fcn\u00fcn\u00fc anlatt\u0131. Mihriban Y\u0131lmaz ile otomobil i\u00e7erisinde tart\u0131\u015ft\u0131klar\u0131n\u0131 belirten zanl\u0131, gen\u00e7 k\u0131z\u0131n kendisini tehdit etmesi \u00fczerine panikledi\u011fini iddia etti. F.\u0130. ifadesinde, &#8220;Telefonu almaya \u00e7al\u0131\u015ft\u0131m, vermedi ve otomobilden inmeye \u00e7al\u0131\u015ft\u0131. A\u011fabeylerinin beni \u00f6ld\u00fcrece\u011fini s\u00f6yleyerek tehdit edince iyice panikledim ve d\u00fc\u015f\u00fcnce yetimi kaybettim. Niyetim zarar vermek de\u011fildi, sadece ya\u015fayaca\u011f\u0131m sorunlardan dolay\u0131 inmesine engel olmaya \u00e7al\u0131\u015ft\u0131m. Bu s\u0131rada bir elimle kendime \u00e7ektim, di\u011feriyle ba\u011f\u0131rmas\u0131n diye a\u011fz\u0131n\u0131 kapatt\u0131m&#8221; dedi.<\/p>\n<p>&#8220;\u00d6ld\u00fc\u011f\u00fcn\u00fc anlay\u0131nca ormana g\u00f6md\u00fcm&#8221;<br \/>\n<br \/>Gen\u00e7 k\u0131z\u0131n bir s\u00fcre sonra bay\u0131ld\u0131\u011f\u0131n\u0131 ve otomobilden a\u015fa\u011f\u0131 d\u00fc\u015ft\u00fcklerini \u00f6ne s\u00fcren zanl\u0131, ilk yard\u0131m yapmas\u0131na ra\u011fmen sonu\u00e7 alamad\u0131\u011f\u0131n\u0131 savundu. Olay\u0131n vahametiyle \u015foka girdi\u011fini belirten F.\u0130., &#8220;Y\u00fcz\u00fcne vurarak uyand\u0131rmaya \u00e7al\u0131\u015ft\u0131m ancak tepki vermedi. Kalp masaj\u0131 yapt\u0131m ama netice alamad\u0131m. Telefonu \u00e7ald\u0131, yengesi ve annesi ar\u0131yordu ama a\u00e7mad\u0131m. Cans\u0131z bedeni kamyonetin arka koltu\u011funa bindirip P\u0131narba\u015f\u0131\u2019ndaki ormanl\u0131k alana g\u00f6t\u00fcrd\u00fcm. \u00d6ld\u00fc\u011f\u00fcn\u00fc anlay\u0131nca ormana g\u00f6md\u00fcm&#8221; ifadelerini kulland\u0131.<\/p>\n<p>Eski dosya yeniden a\u00e7\u0131ld\u0131: ikinci cinayetten tutuklama<br \/>\n<br \/>Mihriban Y\u0131lmaz cinayeti soru\u015fturmas\u0131 derinle\u015ftirilirken, zanl\u0131 F.\u0130.\u2019nin 2023 y\u0131l\u0131nda Manisa\u2019da bir fabrikada y\u00fcksekten d\u00fc\u015ferek hayat\u0131n\u0131 kaybeden Naile B\u00fc\u015fra Sar\u0131g\u00fcl\u2019\u00fcn (23) \u00f6l\u00fcm\u00fcyle ilgili de ba\u011flant\u0131s\u0131 tespit edildi. Sar\u0131g\u00fcl\u2019\u00fcn t\u0131rnaklar\u0131nda zanl\u0131ya ait DNA \u00f6rneklerine rastlanmas\u0131 ve aile \u00fcyeleri aras\u0131ndaki &#8220;Eskisinden korkmuyorum, bundan korkuyorum&#8221; \u015feklindeki yaz\u0131\u015fmalar \u00fczerine dosya yeniden a\u00e7\u0131ld\u0131.<\/p>\n<p>Zanl\u0131 F.\u0130., Mihriban Y\u0131lmaz cinayetinin yan\u0131 s\u0131ra Naile B\u00fc\u015fra Sar\u0131g\u00fcl\u2019e y\u00f6nelik \u2018Nitelikli cinsel sald\u0131r\u0131\u2019 ve \u2018Tasarlayarak \u00f6ld\u00fcrme\u2019 su\u00e7lar\u0131ndan da tutuklanarak cezaevine g\u00f6nderildi.<br \/><\/p>\n","protected":false},"excerpt":{"rendered":"<p>\u0130zmir\u2019in Bornova il\u00e7esinde kay\u0131p olarak aran\u0131rken ormanl\u0131k alanda g\u00f6m\u00fcl\u00fc cesedi bulunan 25 ya\u015f\u0131ndaki Mihriban Y\u0131lmaz\u2019\u0131n cinayet zanl\u0131s\u0131 F.\u0130.\u2019nin ifadesi ortaya \u00e7\u0131kt\u0131. Zanl\u0131 ifadesinde, &#8220;Niyetim Mihriban\u2019a zarar vermek de\u011fildi, panikleyince a\u011fz\u0131n\u0131 kapatt\u0131m. \u00d6ld\u00fc\u011f\u00fcn\u00fc anlay\u0131nca ormana g\u00f6md\u00fcm&#8221; dedi. \u00d6te yandan, zanl\u0131 F.\u0130.\u2019nin 2023 y\u0131l\u0131nda Manisa\u2019da bir fabrikada y\u00fcksekten d\u00fc\u015ferek hayat\u0131n\u0131 kaybeden Naile B\u00fc\u015fra Sar\u0131g\u00fcl\u2019\u00fcn (23) \u00f6l\u00fcm\u00fcyle ilgili&#8230;<\/p>\n","protected":false},"author":1,"featured_media":81933,"comment_status":"open","ping_status":"open","sticky":false,"template":"","format":"standard","meta":{"_crdt_document":"","footnotes":""},"categories":[5],"tags":[],"class_list":["post-81932","post","type-post","status-publish","format-standard","has-post-thumbnail","hentry","category-asayis"],"_links":{"self":[{"href":"https:\/\/www.egemtv.com\/index.php?rest_route=\/wp\/v2\/posts\/81932","targetHints":{"allow":["GET"]}}],"collection":[{"href":"https:\/\/www.egemtv.com\/index.php?rest_route=\/wp\/v2\/posts"}],"about":[{"href":"https:\/\/www.egemtv.com\/index.php?rest_route=\/wp\/v2\/types\/post"}],"author":[{"embeddable":true,"href":"https:\/\/www.egemtv.com\/index.php?rest_route=\/wp\/v2\/users\/1"}],"replies":[{"embeddable":true,"href":"https:\/\/www.egemtv.com\/index.php?rest_route=%2Fwp%2Fv2%2Fcomments&post=81932"}],"version-history":[{"count":1,"href":"https:\/\/www.egemtv.com\/index.php?rest_route=\/wp\/v2\/posts\/81932\/revisions"}],"predecessor-version":[{"id":81934,"href":"https:\/\/www.egemtv.com\/index.php?rest_route=\/wp\/v2\/posts\/81932\/revisions\/81934"}],"wp:featuredmedia":[{"embeddable":true,"href":"https:\/\/www.egemtv.com\/index.php?rest_route=\/wp\/v2\/media\/81933"}],"wp:attachment":[{"href":"https:\/\/www.egemtv.com\/index.php?rest_route=%2Fwp%2Fv2%2Fmedia&parent=81932"}],"wp:term":[{"taxonomy":"category","embeddable":true,"href":"https:\/\/www.egemtv.com\/index.php?rest_route=%2Fwp%2Fv2%2Fcategories&post=81932"},{"taxonomy":"post_tag","embeddable":true,"href":"https:\/\/www.egemtv.com\/index.php?rest_route=%2Fwp%2Fv2%2Ftags&post=81932"}],"curies":[{"name":"wp","href":"https:\/\/api.w.org\/{rel}","templated":true}]}}