{"id":81929,"date":"2026-01-20T13:56:54","date_gmt":"2026-01-20T10:56:54","guid":{"rendered":"https:\/\/www.egemtv.com\/?p=81929"},"modified":"2026-01-20T13:56:55","modified_gmt":"2026-01-20T10:56:55","slug":"afad-iki-okulda-egitim-verip-tatbikat-yapti","status":"publish","type":"post","link":"https:\/\/www.egemtv.com\/?p=81929","title":{"rendered":"AFAD iki okulda e\u011fitim verip, tatbikat yapt\u0131"},"content":{"rendered":"<p>Afyonkarahisar \u0130l Afet ve Acil Durum M\u00fcd\u00fcrl\u00fc\u011f\u00fc (AFAD) taraf\u0131ndan kentteki iki okulda e\u011fitim verilerek tatbikat yap\u0131ld\u0131.<br \/>\n<br \/>AFAD personelleri taraf\u0131ndan verilen e\u011fitim kentteki bir \u00f6zel okul ile \u015eehit \u00d6mer Halis Demir \u0130mam Hatip Ortaokulunda yap\u0131ld\u0131. Afetler konusunda yap\u0131lan bilgilendirme \u00e7al\u0131\u015fmas\u0131 sonras\u0131nda \u00f6\u011frencilerinde kat\u0131l\u0131m\u0131yla deprem, tahliye ve yang\u0131n tatbikat\u0131 yap\u0131ld\u0131.<br \/><\/p>\n","protected":false},"excerpt":{"rendered":"<p>Afyonkarahisar \u0130l Afet ve Acil Durum M\u00fcd\u00fcrl\u00fc\u011f\u00fc (AFAD) taraf\u0131ndan kentteki iki okulda e\u011fitim verilerek tatbikat yap\u0131ld\u0131. AFAD personelleri taraf\u0131ndan verilen e\u011fitim kentteki bir \u00f6zel okul ile \u015eehit \u00d6mer Halis Demir \u0130mam Hatip Ortaokulunda yap\u0131ld\u0131. Afetler konusunda yap\u0131lan bilgilendirme \u00e7al\u0131\u015fmas\u0131 sonras\u0131nda \u00f6\u011frencilerinde kat\u0131l\u0131m\u0131yla deprem, tahliye ve yang\u0131n tatbikat\u0131 yap\u0131ld\u0131.<\/p>\n","protected":false},"author":1,"featured_media":81930,"comment_status":"open","ping_status":"open","sticky":false,"template":"","format":"standard","meta":{"_crdt_document":"","footnotes":""},"categories":[1],"tags":[],"class_list":["post-81929","post","type-post","status-publish","format-standard","has-post-thumbnail","hentry","category-guncel"],"_links":{"self":[{"href":"https:\/\/www.egemtv.com\/index.php?rest_route=\/wp\/v2\/posts\/81929","targetHints":{"allow":["GET"]}}],"collection":[{"href":"https:\/\/www.egemtv.com\/index.php?rest_route=\/wp\/v2\/posts"}],"about":[{"href":"https:\/\/www.egemtv.com\/index.php?rest_route=\/wp\/v2\/types\/post"}],"author":[{"embeddable":true,"href":"https:\/\/www.egemtv.com\/index.php?rest_route=\/wp\/v2\/users\/1"}],"replies":[{"embeddable":true,"href":"https:\/\/www.egemtv.com\/index.php?rest_route=%2Fwp%2Fv2%2Fcomments&post=81929"}],"version-history":[{"count":1,"href":"https:\/\/www.egemtv.com\/index.php?rest_route=\/wp\/v2\/posts\/81929\/revisions"}],"predecessor-version":[{"id":81931,"href":"https:\/\/www.egemtv.com\/index.php?rest_route=\/wp\/v2\/posts\/81929\/revisions\/81931"}],"wp:featuredmedia":[{"embeddable":true,"href":"https:\/\/www.egemtv.com\/index.php?rest_route=\/wp\/v2\/media\/81930"}],"wp:attachment":[{"href":"https:\/\/www.egemtv.com\/index.php?rest_route=%2Fwp%2Fv2%2Fmedia&parent=81929"}],"wp:term":[{"taxonomy":"category","embeddable":true,"href":"https:\/\/www.egemtv.com\/index.php?rest_route=%2Fwp%2Fv2%2Fcategories&post=81929"},{"taxonomy":"post_tag","embeddable":true,"href":"https:\/\/www.egemtv.com\/index.php?rest_route=%2Fwp%2Fv2%2Ftags&post=81929"}],"curies":[{"name":"wp","href":"https:\/\/api.w.org\/{rel}","templated":true}]}}