{"id":81923,"date":"2026-01-20T13:36:21","date_gmt":"2026-01-20T10:36:21","guid":{"rendered":"https:\/\/www.egemtv.com\/?p=81923"},"modified":"2026-01-20T13:36:21","modified_gmt":"2026-01-20T10:36:21","slug":"sehit-polis-memuru-aydindan-memleketine-ugurlandi","status":"publish","type":"post","link":"https:\/\/www.egemtv.com\/?p=81923","title":{"rendered":"\u015eehit polis memuru Ayd\u0131n\u2019dan memleketine u\u011furland\u0131"},"content":{"rendered":"<p>Diyarbak\u0131r\u2019da ge\u00e7en y\u0131l alkoll\u00fc s\u00fcr\u00fcc\u00fcn\u00fcn arac\u0131yla \u00e7arpmas\u0131 sonucu a\u011f\u0131r yaralanan polis memuru Ayd\u0131n\u2019da tedavi g\u00f6rd\u00fc\u011f\u00fc hastanede \u015fehit oldu. \u015eehidin naa\u015f\u0131 memleketi Konya\u2019ya u\u011furland\u0131.<br \/>\n<br \/>Olay, Diyarbak\u0131r\u2019\u0131n Kayap\u0131nar il\u00e7esinde ge\u00e7en y\u0131l 19 Haziran\u2019da meydana geldi. Edinilen bilgiye g\u00f6re, trafik uygulamas\u0131 yapan polis ekipleri, A.\u015e.\u2019nin kulland\u0131\u011f\u0131 55 AIG 71 plakal\u0131 otomobili durdurmak istedi. \u2019Dur\u2019 ihtar\u0131na uymayan s\u00fcr\u00fcc\u00fc, otomobiliyle uygulamada g\u00f6revli Fatih Oral\u2019a \u00e7arparak a\u011f\u0131r yaralad\u0131. Yaralanan polis memuru, ambulansla Gazi Ya\u015fargil E\u011fitim ve Ara\u015ft\u0131rma Hastanesi\u2019ne kald\u0131r\u0131larak tedavi alt\u0131na al\u0131nd\u0131. Olay\u0131n ard\u0131ndan g\u00f6zalt\u0131na al\u0131nan otomobil s\u00fcr\u00fcc\u00fcs\u00fc A.\u015e.\u2019nin 2,34 promil alkoll\u00fc oldu\u011fu tespit edildi. Emniyetteki i\u015flemlerinin ard\u0131ndan adliyeye sevk edilen s\u00fcr\u00fcc\u00fc, \u00e7\u0131kart\u0131ld\u0131\u011f\u0131 adli makamlarca tutuklanarak cezaevine g\u00f6nderildi. Yaral\u0131 polis ise Diyarbak\u0131r\u2019dan ilk Ayd\u0131n Adnan Menderes \u00dcniversitesi Hastanesi\u2019ne buradan da Ayd\u0131n Kad\u0131n Do\u011fum ve \u00c7ocuk Hastal\u0131klar\u0131 Hastanesi\u2019nin palyatif b\u00f6l\u00fcm\u00fcne sevk edildi. Tedavisi palyatif b\u00f6l\u00fcm\u00fcnde s\u00fcren Oral, hastanenin yap\u0131m\u0131 tamamlanan Ayd\u0131n \u015eehir Hastanesi\u2019ne ta\u015f\u0131nmas\u0131 \u00fczerine \u00c7ine Devlet Hastanesi\u2019ne sevk edildi. Polis memuru, \u00c7ine\u2019de tedavi g\u00f6rd\u00fc\u011f\u00fc hastanede \u015fehit d\u00fc\u015ft\u00fc. E\u015finin, Ayd\u0131nl\u0131 oldu\u011fu \u00f6\u011frenilen Oral\u2019\u0131n ac\u0131 haberi ailesi ve sevenlerini yasa bo\u011fdu.<\/p>\n<p>Memleketi Konya\u2019ya u\u011furland\u0131<br \/>\n<br \/>Konya n\u00fcfusuna kay\u0131tl\u0131 oldu\u011fu \u00f6\u011frenilen ve Ayd\u0131n Adnan Menderes \u00dcniversitesi\u2019ne getirilen Oral\u2019\u0131n naa\u015f\u0131 d\u00fczenlenen t\u00f6renin ard\u0131ndan memleketine u\u011furland\u0131. Evli ve 3 \u00e7ocuk babas\u0131 oldu\u011fu \u00f6\u011frenilen Oral\u2019\u0131n 21 Ocak \u00c7ar\u015famba g\u00fcn\u00fc Kopnya\u2019n\u0131n Sel\u00e7uklu il\u00e7esinde d\u00fczenlenecek olan t\u00f6reninin ard\u0131ndan topra\u011fa verilece\u011fi bilgisine ula\u015f\u0131ld\u0131.<br \/><\/p>\n","protected":false},"excerpt":{"rendered":"<p>Diyarbak\u0131r\u2019da ge\u00e7en y\u0131l alkoll\u00fc s\u00fcr\u00fcc\u00fcn\u00fcn arac\u0131yla \u00e7arpmas\u0131 sonucu a\u011f\u0131r yaralanan polis memuru Ayd\u0131n\u2019da tedavi g\u00f6rd\u00fc\u011f\u00fc hastanede \u015fehit oldu. \u015eehidin naa\u015f\u0131 memleketi Konya\u2019ya u\u011furland\u0131. Olay, Diyarbak\u0131r\u2019\u0131n Kayap\u0131nar il\u00e7esinde ge\u00e7en y\u0131l 19 Haziran\u2019da meydana geldi. Edinilen bilgiye g\u00f6re, trafik uygulamas\u0131 yapan polis ekipleri, A.\u015e.\u2019nin kulland\u0131\u011f\u0131 55 AIG 71 plakal\u0131 otomobili durdurmak istedi. \u2019Dur\u2019 ihtar\u0131na uymayan s\u00fcr\u00fcc\u00fc, otomobiliyle&#8230;<\/p>\n","protected":false},"author":1,"featured_media":81924,"comment_status":"open","ping_status":"open","sticky":false,"template":"","format":"standard","meta":{"_crdt_document":"","footnotes":""},"categories":[1],"tags":[],"class_list":["post-81923","post","type-post","status-publish","format-standard","has-post-thumbnail","hentry","category-guncel"],"_links":{"self":[{"href":"https:\/\/www.egemtv.com\/index.php?rest_route=\/wp\/v2\/posts\/81923","targetHints":{"allow":["GET"]}}],"collection":[{"href":"https:\/\/www.egemtv.com\/index.php?rest_route=\/wp\/v2\/posts"}],"about":[{"href":"https:\/\/www.egemtv.com\/index.php?rest_route=\/wp\/v2\/types\/post"}],"author":[{"embeddable":true,"href":"https:\/\/www.egemtv.com\/index.php?rest_route=\/wp\/v2\/users\/1"}],"replies":[{"embeddable":true,"href":"https:\/\/www.egemtv.com\/index.php?rest_route=%2Fwp%2Fv2%2Fcomments&post=81923"}],"version-history":[{"count":1,"href":"https:\/\/www.egemtv.com\/index.php?rest_route=\/wp\/v2\/posts\/81923\/revisions"}],"predecessor-version":[{"id":81925,"href":"https:\/\/www.egemtv.com\/index.php?rest_route=\/wp\/v2\/posts\/81923\/revisions\/81925"}],"wp:featuredmedia":[{"embeddable":true,"href":"https:\/\/www.egemtv.com\/index.php?rest_route=\/wp\/v2\/media\/81924"}],"wp:attachment":[{"href":"https:\/\/www.egemtv.com\/index.php?rest_route=%2Fwp%2Fv2%2Fmedia&parent=81923"}],"wp:term":[{"taxonomy":"category","embeddable":true,"href":"https:\/\/www.egemtv.com\/index.php?rest_route=%2Fwp%2Fv2%2Fcategories&post=81923"},{"taxonomy":"post_tag","embeddable":true,"href":"https:\/\/www.egemtv.com\/index.php?rest_route=%2Fwp%2Fv2%2Ftags&post=81923"}],"curies":[{"name":"wp","href":"https:\/\/api.w.org\/{rel}","templated":true}]}}