{"id":81920,"date":"2026-01-20T12:55:01","date_gmt":"2026-01-20T09:55:01","guid":{"rendered":"https:\/\/www.egemtv.com\/?p=81920"},"modified":"2026-01-20T12:55:03","modified_gmt":"2026-01-20T09:55:03","slug":"manisanin-kulturel-degerleri-kadraja-yansidi","status":"publish","type":"post","link":"https:\/\/www.egemtv.com\/?p=81920","title":{"rendered":"Manisa\u2019n\u0131n k\u00fclt\u00fcrel de\u011ferleri kadraja yans\u0131d\u0131"},"content":{"rendered":"<p>Zeytinle eme\u011fi, mesir macunuyla tarihi kadraja alan denetimli serbestlik y\u00fck\u00fcml\u00fcleri, foto\u011fraf sanat\u0131 arac\u0131l\u0131\u011f\u0131yla Manisa\u2019n\u0131n k\u00fclt\u00fcrel miras\u0131na dikkat \u00e7ekti.<br \/>\n<br \/>Manisa\u2019da Denetimli Serbestlik kapsam\u0131nda y\u00fcr\u00fct\u00fclen foto\u011fraf\u00e7\u0131l\u0131k kursuna kat\u0131lan y\u00fck\u00fcml\u00fcler, d\u00fczenlenen uygulamal\u0131 foto\u011fraf \u00e7ekim \u00e7al\u0131\u015fmas\u0131yla Manisa\u2019n\u0131n k\u00f6kl\u00fc k\u00fclt\u00fcrel ve tarihide\u011ferlerini foto\u011fraf sanat\u0131yla bulu\u015fturdu. Denetimli Serbestlik kapsam\u0131nda y\u00fcr\u00fct\u00fclen foto\u011fraf\u00e7\u0131l\u0131k kursuna kat\u0131lan h\u00fck\u00fcml\u00fcler, Manisa\u2019n\u0131n simge de\u011ferleri aras\u0131nda yer alan zeytin ve mesir macununu foto\u011fraf karelerine ta\u015f\u0131d\u0131. \u00c7al\u0131\u015fma kapsam\u0131nda zeytin ve mesir macunu, kursiyerlerin objektifinden yeniden yorumland\u0131.<br \/>\n<br \/>Y\u00fczy\u0131llard\u0131r Manisa\u2019n\u0131n ekonomik, k\u00fclt\u00fcrel ve toplumsal kimli\u011finde \u00f6nemli bir yere sahip olan zeytin; bereketi, eme\u011fi ve s\u00fcreklili\u011fi simgelerken, mesir macunu ise Osmanl\u0131\u2019dan g\u00fcn\u00fcm\u00fcze uzanan tarihiyle \u015fehrin manevi ve k\u00fclt\u00fcrel miras\u0131n\u0131n en g\u00fc\u00e7l\u00fc sembollerinden biri olarak \u00f6ne \u00e7\u0131k\u0131yor. Foto\u011fraf \u00e7ekimlerinde bu iki de\u011ferin sadece bir \u00fcr\u00fcn olarak de\u011fil, Manisa\u2019n\u0131n ya\u015fam bi\u00e7imini ve tarihi birikimini yans\u0131tan k\u00fclt\u00fcrel unsurlar olarak ele al\u0131nmas\u0131 dikkat \u00e7ekti. Topluma kazand\u0131rma ve ki\u015fisel geli\u015fimi destekleme amac\u0131yla y\u00fcr\u00fct\u00fclen foto\u011fraf\u00e7\u0131l\u0131k kursu \u00e7er\u00e7evesinde ger\u00e7ekle\u015ftirilen \u00e7al\u0131\u015fmada, kursiyerler hem teknik foto\u011fraf bilgilerini sahada uygulama imk\u00e2n\u0131 buldu hem de Manisa\u2019n\u0131n k\u00fclt\u00fcrel ve tar\u0131msal miras\u0131n\u0131 sanatsal bir bak\u0131\u015f a\u00e7\u0131s\u0131yla yorumlad\u0131.<br \/>\n<br \/>Foto\u011fraf\u00e7\u0131l\u0131k kursu kapsam\u0131nda ger\u00e7ekle\u015ftirilen uygulamal\u0131 \u00e7al\u0131\u015fmada h\u00fck\u00fcml\u00fcler, \u0131\u015f\u0131k kullan\u0131m\u0131, kompozisyon, detay yakalama ve hik\u00e2ye anlat\u0131m\u0131 gibi temel foto\u011fraf tekniklerini sahada uygulama f\u0131rsat\u0131 buldu. Zeytinin do\u011fayla olan ili\u015fkisi, \u00fcretim s\u00fcrecindeki eme\u011fi ve mesir macununun renkleri, dokusu ve tarihi anlam\u0131 foto\u011fraf karelerine yans\u0131t\u0131ld\u0131. B\u00f6ylece Manisa\u2019n\u0131n k\u00fclt\u00fcrel belle\u011finde \u00f6nemli yer tutan bu de\u011ferler, sanatsal bir bak\u0131\u015f a\u00e7\u0131s\u0131yla kay\u0131t alt\u0131na al\u0131nd\u0131.<br \/>\n<br \/>Denetimli Serbestlik b\u00fcnyesinde y\u00fcr\u00fct\u00fclen bu t\u00fcr sosyal ve k\u00fclt\u00fcrel faaliyetlerle, h\u00fck\u00fcml\u00fclerin toplumsal hayata uyum s\u00fcre\u00e7lerinin desteklenmesi, ki\u015fisel yeteneklerini ke\u015ffetmeleri ve \u00fcretken bireyler olarak kendilerini ifade edebilmeleri ama\u00e7lan\u0131yor. Ayn\u0131 zamanda Manisa\u2019n\u0131n k\u00fclt\u00fcrel de\u011ferlerinin gen\u00e7 ku\u015faklar ve toplumun farkl\u0131 kesimleri taraf\u0131ndan daha yak\u0131ndan tan\u0131nmas\u0131na katk\u0131 sa\u011flanmas\u0131 hedefleniyor.<br \/><\/p>\n","protected":false},"excerpt":{"rendered":"<p>Zeytinle eme\u011fi, mesir macunuyla tarihi kadraja alan denetimli serbestlik y\u00fck\u00fcml\u00fcleri, foto\u011fraf sanat\u0131 arac\u0131l\u0131\u011f\u0131yla Manisa\u2019n\u0131n k\u00fclt\u00fcrel miras\u0131na dikkat \u00e7ekti. Manisa\u2019da Denetimli Serbestlik kapsam\u0131nda y\u00fcr\u00fct\u00fclen foto\u011fraf\u00e7\u0131l\u0131k kursuna kat\u0131lan y\u00fck\u00fcml\u00fcler, d\u00fczenlenen uygulamal\u0131 foto\u011fraf \u00e7ekim \u00e7al\u0131\u015fmas\u0131yla Manisa\u2019n\u0131n k\u00f6kl\u00fc k\u00fclt\u00fcrel ve tarihide\u011ferlerini foto\u011fraf sanat\u0131yla bulu\u015fturdu. Denetimli Serbestlik kapsam\u0131nda y\u00fcr\u00fct\u00fclen foto\u011fraf\u00e7\u0131l\u0131k kursuna kat\u0131lan h\u00fck\u00fcml\u00fcler, Manisa\u2019n\u0131n simge de\u011ferleri aras\u0131nda yer alan zeytin&#8230;<\/p>\n","protected":false},"author":1,"featured_media":81921,"comment_status":"open","ping_status":"open","sticky":false,"template":"","format":"standard","meta":{"_crdt_document":"","footnotes":""},"categories":[1],"tags":[],"class_list":["post-81920","post","type-post","status-publish","format-standard","has-post-thumbnail","hentry","category-guncel"],"_links":{"self":[{"href":"https:\/\/www.egemtv.com\/index.php?rest_route=\/wp\/v2\/posts\/81920","targetHints":{"allow":["GET"]}}],"collection":[{"href":"https:\/\/www.egemtv.com\/index.php?rest_route=\/wp\/v2\/posts"}],"about":[{"href":"https:\/\/www.egemtv.com\/index.php?rest_route=\/wp\/v2\/types\/post"}],"author":[{"embeddable":true,"href":"https:\/\/www.egemtv.com\/index.php?rest_route=\/wp\/v2\/users\/1"}],"replies":[{"embeddable":true,"href":"https:\/\/www.egemtv.com\/index.php?rest_route=%2Fwp%2Fv2%2Fcomments&post=81920"}],"version-history":[{"count":1,"href":"https:\/\/www.egemtv.com\/index.php?rest_route=\/wp\/v2\/posts\/81920\/revisions"}],"predecessor-version":[{"id":81922,"href":"https:\/\/www.egemtv.com\/index.php?rest_route=\/wp\/v2\/posts\/81920\/revisions\/81922"}],"wp:featuredmedia":[{"embeddable":true,"href":"https:\/\/www.egemtv.com\/index.php?rest_route=\/wp\/v2\/media\/81921"}],"wp:attachment":[{"href":"https:\/\/www.egemtv.com\/index.php?rest_route=%2Fwp%2Fv2%2Fmedia&parent=81920"}],"wp:term":[{"taxonomy":"category","embeddable":true,"href":"https:\/\/www.egemtv.com\/index.php?rest_route=%2Fwp%2Fv2%2Fcategories&post=81920"},{"taxonomy":"post_tag","embeddable":true,"href":"https:\/\/www.egemtv.com\/index.php?rest_route=%2Fwp%2Fv2%2Ftags&post=81920"}],"curies":[{"name":"wp","href":"https:\/\/api.w.org\/{rel}","templated":true}]}}