{"id":81848,"date":"2026-01-20T09:35:49","date_gmt":"2026-01-20T06:35:49","guid":{"rendered":"https:\/\/www.egemtv.com\/?p=81848"},"modified":"2026-01-20T09:35:50","modified_gmt":"2026-01-20T06:35:50","slug":"kutahyada-dikkatsizligin-sebep-oldugu-kazalar-kameraya-yansidi","status":"publish","type":"post","link":"https:\/\/www.egemtv.com\/?p=81848","title":{"rendered":"K\u00fctahya\u2019da dikkatsizli\u011fin sebep oldu\u011fu kazalar kameraya yans\u0131d\u0131"},"content":{"rendered":"<p>K\u00fctahya\u2019da aral\u0131k ay\u0131nda meydana gelen trafik kazalar\u0131 Kent G\u00fcvenlik Y\u00f6netim Sistemi (KGYS) kameralar\u0131na yans\u0131d\u0131.<br \/>\n<br \/>Emniyet Genel M\u00fcd\u00fcrl\u00fc\u011f\u00fc\u2019nce payla\u015f\u0131lan g\u00f6r\u00fcnt\u00fclerde, kazalara en \u00e7ok dikkatsizli\u011fin sebep oldu\u011fu g\u00f6r\u00fcld\u00fc.<br \/>\n<br \/>B\u00f6l\u00fccek Mahallesi\u2019nde hemzemin ge\u00e7itten ge\u00e7en bir otomobil, yolda y\u00fcr\u00fcyen yayaya \u00e7arpt\u0131. \u00c7arpman\u0131n etkisiyle yere d\u00fc\u015fen kad\u0131n hafif \u015fekilde yaraland\u0131.<br \/>\n<br \/>K\u00fctahya-Tav\u015fanl\u0131 kara yolunda yo\u011fun sis ve kaygan zeminde direksiyon h\u00e2kimiyetini kaybeden s\u00fcr\u00fcc\u00fc, \u00f6nce yol kenar\u0131ndaki reklam panolar\u0131na \u00e7arpt\u0131, ard\u0131ndan arac\u0131yla \u015farampole yuvarland\u0131.<br \/>\n<br \/>KGYS g\u00f6r\u00fcnt\u00fcleri, kent genelinde meydana gelen kazalarda en \u00f6nemli etkenlerin dikkatsizlik ve olumsuz hava ko\u015fullar\u0131nda kural ihlali oldu\u011funu g\u00f6sterdi.<br \/><\/p>\n","protected":false},"excerpt":{"rendered":"<p>K\u00fctahya\u2019da aral\u0131k ay\u0131nda meydana gelen trafik kazalar\u0131 Kent G\u00fcvenlik Y\u00f6netim Sistemi (KGYS) kameralar\u0131na yans\u0131d\u0131. Emniyet Genel M\u00fcd\u00fcrl\u00fc\u011f\u00fc\u2019nce payla\u015f\u0131lan g\u00f6r\u00fcnt\u00fclerde, kazalara en \u00e7ok dikkatsizli\u011fin sebep oldu\u011fu g\u00f6r\u00fcld\u00fc. B\u00f6l\u00fccek Mahallesi\u2019nde hemzemin ge\u00e7itten ge\u00e7en bir otomobil, yolda y\u00fcr\u00fcyen yayaya \u00e7arpt\u0131. \u00c7arpman\u0131n etkisiyle yere d\u00fc\u015fen kad\u0131n hafif \u015fekilde yaraland\u0131. K\u00fctahya-Tav\u015fanl\u0131 kara yolunda yo\u011fun sis ve kaygan zeminde direksiyon h\u00e2kimiyetini&#8230;<\/p>\n","protected":false},"author":1,"featured_media":81849,"comment_status":"open","ping_status":"open","sticky":false,"template":"","format":"standard","meta":{"_crdt_document":"","footnotes":""},"categories":[5],"tags":[],"class_list":["post-81848","post","type-post","status-publish","format-standard","has-post-thumbnail","hentry","category-asayis"],"_links":{"self":[{"href":"https:\/\/www.egemtv.com\/index.php?rest_route=\/wp\/v2\/posts\/81848","targetHints":{"allow":["GET"]}}],"collection":[{"href":"https:\/\/www.egemtv.com\/index.php?rest_route=\/wp\/v2\/posts"}],"about":[{"href":"https:\/\/www.egemtv.com\/index.php?rest_route=\/wp\/v2\/types\/post"}],"author":[{"embeddable":true,"href":"https:\/\/www.egemtv.com\/index.php?rest_route=\/wp\/v2\/users\/1"}],"replies":[{"embeddable":true,"href":"https:\/\/www.egemtv.com\/index.php?rest_route=%2Fwp%2Fv2%2Fcomments&post=81848"}],"version-history":[{"count":1,"href":"https:\/\/www.egemtv.com\/index.php?rest_route=\/wp\/v2\/posts\/81848\/revisions"}],"predecessor-version":[{"id":81850,"href":"https:\/\/www.egemtv.com\/index.php?rest_route=\/wp\/v2\/posts\/81848\/revisions\/81850"}],"wp:featuredmedia":[{"embeddable":true,"href":"https:\/\/www.egemtv.com\/index.php?rest_route=\/wp\/v2\/media\/81849"}],"wp:attachment":[{"href":"https:\/\/www.egemtv.com\/index.php?rest_route=%2Fwp%2Fv2%2Fmedia&parent=81848"}],"wp:term":[{"taxonomy":"category","embeddable":true,"href":"https:\/\/www.egemtv.com\/index.php?rest_route=%2Fwp%2Fv2%2Fcategories&post=81848"},{"taxonomy":"post_tag","embeddable":true,"href":"https:\/\/www.egemtv.com\/index.php?rest_route=%2Fwp%2Fv2%2Ftags&post=81848"}],"curies":[{"name":"wp","href":"https:\/\/api.w.org\/{rel}","templated":true}]}}