{"id":81845,"date":"2026-01-19T23:55:27","date_gmt":"2026-01-19T20:55:27","guid":{"rendered":"https:\/\/www.egemtv.com\/?p=81845"},"modified":"2026-01-19T23:55:28","modified_gmt":"2026-01-19T20:55:28","slug":"burdurda-17-yasindaki-genclerin-kavgasi-kanli-bitti-2-yarali","status":"publish","type":"post","link":"https:\/\/www.egemtv.com\/?p=81845","title":{"rendered":"Burdur\u2019da 17 ya\u015f\u0131ndaki gen\u00e7lerin kavgas\u0131 kanl\u0131 bitti: 2 yaral\u0131"},"content":{"rendered":"<p>Burdur\u2019da iki gencin kavgas\u0131nda biri b\u0131\u00e7aklanarak, di\u011feri ise darp sonucu yaraland\u0131.<br \/>\n<br \/>Olay, saat 21.00 s\u0131ralar\u0131nda \u00d6zg\u00fcr Mahallesi G\u00fczelle\u015ftirme Caddesi \u00fczerinde meydana geldi. Edinilen bilgiye g\u00f6re, M.S. (17) ile E.Y. (17) aras\u0131nda hen\u00fcz bilinmeyen bir sebeple tart\u0131\u015fma \u00e7\u0131kt\u0131. \u00c7\u0131kan tart\u0131\u015fman\u0131n kavgaya d\u00f6n\u00fc\u015ft\u00fc\u011f\u00fc olayda M.S., E.Y.\u2019yi darbetti. E.Y. de yan\u0131nda getirdi\u011fi b\u0131\u00e7akla M.S.\u2019yi yaralad\u0131. \u0130hbar \u00fczerine olay yerine sa\u011fl\u0131k ve polis ekipleri sevk edildi. \u0130ki yaral\u0131 gen\u00e7 kendi imkanlar\u0131 ile gittikleri Burdur Devlet Hastanesinde tedavi alt\u0131na al\u0131nd\u0131. Tedavilerinin ard\u0131ndan 2 gencin polis ekipleri taraf\u0131ndan g\u00f6zalt\u0131na al\u0131naca\u011f\u0131 \u00f6\u011frenilirken, olayla ilgili tahkikat ba\u015flat\u0131ld\u0131.<br \/><\/p>\n","protected":false},"excerpt":{"rendered":"<p>Burdur\u2019da iki gencin kavgas\u0131nda biri b\u0131\u00e7aklanarak, di\u011feri ise darp sonucu yaraland\u0131. Olay, saat 21.00 s\u0131ralar\u0131nda \u00d6zg\u00fcr Mahallesi G\u00fczelle\u015ftirme Caddesi \u00fczerinde meydana geldi. Edinilen bilgiye g\u00f6re, M.S. (17) ile E.Y. (17) aras\u0131nda hen\u00fcz bilinmeyen bir sebeple tart\u0131\u015fma \u00e7\u0131kt\u0131. \u00c7\u0131kan tart\u0131\u015fman\u0131n kavgaya d\u00f6n\u00fc\u015ft\u00fc\u011f\u00fc olayda M.S., E.Y.\u2019yi darbetti. E.Y. de yan\u0131nda getirdi\u011fi b\u0131\u00e7akla M.S.\u2019yi yaralad\u0131. \u0130hbar \u00fczerine olay&#8230;<\/p>\n","protected":false},"author":1,"featured_media":81846,"comment_status":"open","ping_status":"open","sticky":false,"template":"","format":"standard","meta":{"_crdt_document":"","footnotes":""},"categories":[5],"tags":[],"class_list":["post-81845","post","type-post","status-publish","format-standard","has-post-thumbnail","hentry","category-asayis"],"_links":{"self":[{"href":"https:\/\/www.egemtv.com\/index.php?rest_route=\/wp\/v2\/posts\/81845","targetHints":{"allow":["GET"]}}],"collection":[{"href":"https:\/\/www.egemtv.com\/index.php?rest_route=\/wp\/v2\/posts"}],"about":[{"href":"https:\/\/www.egemtv.com\/index.php?rest_route=\/wp\/v2\/types\/post"}],"author":[{"embeddable":true,"href":"https:\/\/www.egemtv.com\/index.php?rest_route=\/wp\/v2\/users\/1"}],"replies":[{"embeddable":true,"href":"https:\/\/www.egemtv.com\/index.php?rest_route=%2Fwp%2Fv2%2Fcomments&post=81845"}],"version-history":[{"count":1,"href":"https:\/\/www.egemtv.com\/index.php?rest_route=\/wp\/v2\/posts\/81845\/revisions"}],"predecessor-version":[{"id":81847,"href":"https:\/\/www.egemtv.com\/index.php?rest_route=\/wp\/v2\/posts\/81845\/revisions\/81847"}],"wp:featuredmedia":[{"embeddable":true,"href":"https:\/\/www.egemtv.com\/index.php?rest_route=\/wp\/v2\/media\/81846"}],"wp:attachment":[{"href":"https:\/\/www.egemtv.com\/index.php?rest_route=%2Fwp%2Fv2%2Fmedia&parent=81845"}],"wp:term":[{"taxonomy":"category","embeddable":true,"href":"https:\/\/www.egemtv.com\/index.php?rest_route=%2Fwp%2Fv2%2Fcategories&post=81845"},{"taxonomy":"post_tag","embeddable":true,"href":"https:\/\/www.egemtv.com\/index.php?rest_route=%2Fwp%2Fv2%2Ftags&post=81845"}],"curies":[{"name":"wp","href":"https:\/\/api.w.org\/{rel}","templated":true}]}}