{"id":81842,"date":"2026-01-19T23:35:06","date_gmt":"2026-01-19T20:35:06","guid":{"rendered":"https:\/\/www.egemtv.com\/?p=81842"},"modified":"2026-01-19T23:35:06","modified_gmt":"2026-01-19T20:35:06","slug":"sefer-yilmaz-hic-beklemedigimiz-bir-sonuc-oldu","status":"publish","type":"post","link":"https:\/\/www.egemtv.com\/?p=81842","title":{"rendered":"Sefer Y\u0131lmaz: &#8220;Hi\u00e7 beklemedi\u011fimiz bir sonu\u00e7 oldu&#8221;"},"content":{"rendered":"<p>Bodrum FK Teknik Sorumlusu Sefer Y\u0131lmaz, Sivasspor ma\u011flubiyeti sonras\u0131, &#8220;Hi\u00e7 istemedi\u011fimiz bir sonu\u00e7tu&#8221; dedi.<br \/>\n<br \/>Trendyol 1. Lig\u2019in 21. hafta ma\u00e7\u0131nda Bodrum Futbol Kul\u00fcb\u00fc, konuk etti\u011fi Sivasspor\u2019a 2-1 ma\u011flup oldu. Ma\u00e7\u0131n ard\u0131ndan de\u011ferlendirmelerde bulunan Bodrum FK Teknik Sorumlusu Sefer Y\u0131lmaz, &#8220;Hi\u00e7 istemedi\u011fimiz bir sonu\u00e7. Evimizde bu sene ilk ma\u011flubiyetimizi ald\u0131k. Asl\u0131nda oyuna iyi de ba\u015flam\u0131\u015ft\u0131k. Gol pozisyonlar\u0131m\u0131z vard\u0131. \u0130lk yar\u0131n\u0131n sonunda gol\u00fc de bulduk ama ilk yar\u0131n\u0131n uzatmalar\u0131nda hi\u00e7 beklemedi\u011fimiz bir konsantrasyon eksikli\u011finde yedi\u011fimiz gol b\u00fct\u00fcn tak\u0131m\u0131 oyundan d\u00fc\u015f\u00fcrd\u00fc. \u0130kinci devreye de o moralsizlikle ba\u015flad\u0131k. Duran topta bir gol daha yedik. Ma\u011flup duruma d\u00fc\u015ft\u00fckten sonra futbolcular\u0131m\u0131z tamamen demoralizeoldu. K\u0131rm\u0131z\u0131 kart ve sakatl\u0131klar oyunumuzu olduk\u00e7a etkiledi. Onlar da bu skorda etkili oldu. \u00dczg\u00fcn\u00fcz, yapacak bir \u015fey yok. Art\u0131k \u00f6n\u00fcm\u00fczdeki hafta i\u00e7in yar\u0131ndan itibaren haz\u0131rlanaca\u011f\u0131z&#8221; diye konu\u015ftu.<br \/><\/p>\n","protected":false},"excerpt":{"rendered":"<p>Bodrum FK Teknik Sorumlusu Sefer Y\u0131lmaz, Sivasspor ma\u011flubiyeti sonras\u0131, &#8220;Hi\u00e7 istemedi\u011fimiz bir sonu\u00e7tu&#8221; dedi. Trendyol 1. Lig\u2019in 21. hafta ma\u00e7\u0131nda Bodrum Futbol Kul\u00fcb\u00fc, konuk etti\u011fi Sivasspor\u2019a 2-1 ma\u011flup oldu. Ma\u00e7\u0131n ard\u0131ndan de\u011ferlendirmelerde bulunan Bodrum FK Teknik Sorumlusu Sefer Y\u0131lmaz, &#8220;Hi\u00e7 istemedi\u011fimiz bir sonu\u00e7. Evimizde bu sene ilk ma\u011flubiyetimizi ald\u0131k. Asl\u0131nda oyuna iyi de ba\u015flam\u0131\u015ft\u0131k. Gol&#8230;<\/p>\n","protected":false},"author":1,"featured_media":81843,"comment_status":"open","ping_status":"open","sticky":false,"template":"","format":"standard","meta":{"_crdt_document":"","footnotes":""},"categories":[4],"tags":[],"class_list":["post-81842","post","type-post","status-publish","format-standard","has-post-thumbnail","hentry","category-spor"],"_links":{"self":[{"href":"https:\/\/www.egemtv.com\/index.php?rest_route=\/wp\/v2\/posts\/81842","targetHints":{"allow":["GET"]}}],"collection":[{"href":"https:\/\/www.egemtv.com\/index.php?rest_route=\/wp\/v2\/posts"}],"about":[{"href":"https:\/\/www.egemtv.com\/index.php?rest_route=\/wp\/v2\/types\/post"}],"author":[{"embeddable":true,"href":"https:\/\/www.egemtv.com\/index.php?rest_route=\/wp\/v2\/users\/1"}],"replies":[{"embeddable":true,"href":"https:\/\/www.egemtv.com\/index.php?rest_route=%2Fwp%2Fv2%2Fcomments&post=81842"}],"version-history":[{"count":1,"href":"https:\/\/www.egemtv.com\/index.php?rest_route=\/wp\/v2\/posts\/81842\/revisions"}],"predecessor-version":[{"id":81844,"href":"https:\/\/www.egemtv.com\/index.php?rest_route=\/wp\/v2\/posts\/81842\/revisions\/81844"}],"wp:featuredmedia":[{"embeddable":true,"href":"https:\/\/www.egemtv.com\/index.php?rest_route=\/wp\/v2\/media\/81843"}],"wp:attachment":[{"href":"https:\/\/www.egemtv.com\/index.php?rest_route=%2Fwp%2Fv2%2Fmedia&parent=81842"}],"wp:term":[{"taxonomy":"category","embeddable":true,"href":"https:\/\/www.egemtv.com\/index.php?rest_route=%2Fwp%2Fv2%2Fcategories&post=81842"},{"taxonomy":"post_tag","embeddable":true,"href":"https:\/\/www.egemtv.com\/index.php?rest_route=%2Fwp%2Fv2%2Ftags&post=81842"}],"curies":[{"name":"wp","href":"https:\/\/api.w.org\/{rel}","templated":true}]}}