{"id":81839,"date":"2026-01-19T23:35:05","date_gmt":"2026-01-19T20:35:05","guid":{"rendered":"https:\/\/www.egemtv.com\/?p=81839"},"modified":"2026-01-19T23:35:05","modified_gmt":"2026-01-19T20:35:05","slug":"evren-otyakmaz-kendi-sahasinda-yenilmemis-bir-takimi-yendigimiz-icin-gururluyuz","status":"publish","type":"post","link":"https:\/\/www.egemtv.com\/?p=81839","title":{"rendered":"Evren Otyakmaz: &#8220;Kendi sahas\u0131nda yenilmemi\u015f bir tak\u0131m\u0131 yendi\u011fimiz i\u00e7in gururluyuz&#8221;"},"content":{"rendered":"<p>Sivasspor Teknik Sorumlusu Evren Otyakmaz, Bodrum Futbol Kul\u00fcb\u00fc ma\u00e7\u0131 sonras\u0131, &#8220;Kendi sahas\u0131nda yenilmemi\u015f bir tak\u0131m\u0131 yendi\u011fimiz i\u00e7in gururluyuz&#8221; dedi.<br \/>\n<br \/>Trendyol 1. Lig 21. haftas\u0131nda Sivasspor, deplasmanda Bodrum FK\u2019y\u0131 2-1 ma\u011flup etti. M\u00fcsabakan\u0131n ard\u0131ndan d\u00fczenlenen bas\u0131n toplant\u0131s\u0131nda de\u011ferlendirmelerde bulunan Sivasspor Teknik Sorumlusu Evren Otyakmaz, &#8220;\u00d6ncelikle galip geldi\u011fimiz i\u00e7in son derece mutluyuz. \u00c7ok ihtiyac\u0131m\u0131z olan bir galibiyet elde ettik. \u00c7\u00fcnk\u00fc ge\u00e7en hafta Erzurum ma\u00e7\u0131nda \u00e7ok iyi m\u00fccadele etmi\u015ftik. 10 ki\u015fi kalm\u0131\u015ft\u0131k ve kaybetti\u011fimiz bir ma\u00e7 vard\u0131. Bunun telafisi g\u00f6z\u00fcyle bak\u0131yorduk Bodrum ma\u00e7\u0131na. Kendi sahas\u0131nda ma\u011flup olmam\u0131\u015f bir tak\u0131m\u0131 yenmenin gururunu ya\u015f\u0131yoruz. Oyunun genelinde iyi oynayan, isteyen bir Sivasspor vard\u0131. Tabii ki Bodrumspor da buna kar\u015f\u0131l\u0131k verdi. Oyunun gitgelli oldu\u011fu d\u00f6nemler oldu&#8221; ifadelerini kulland\u0131.<br \/><\/p>\n","protected":false},"excerpt":{"rendered":"<p>Sivasspor Teknik Sorumlusu Evren Otyakmaz, Bodrum Futbol Kul\u00fcb\u00fc ma\u00e7\u0131 sonras\u0131, &#8220;Kendi sahas\u0131nda yenilmemi\u015f bir tak\u0131m\u0131 yendi\u011fimiz i\u00e7in gururluyuz&#8221; dedi. Trendyol 1. Lig 21. haftas\u0131nda Sivasspor, deplasmanda Bodrum FK\u2019y\u0131 2-1 ma\u011flup etti. M\u00fcsabakan\u0131n ard\u0131ndan d\u00fczenlenen bas\u0131n toplant\u0131s\u0131nda de\u011ferlendirmelerde bulunan Sivasspor Teknik Sorumlusu Evren Otyakmaz, &#8220;\u00d6ncelikle galip geldi\u011fimiz i\u00e7in son derece mutluyuz. \u00c7ok ihtiyac\u0131m\u0131z olan bir galibiyet&#8230;<\/p>\n","protected":false},"author":1,"featured_media":81840,"comment_status":"open","ping_status":"open","sticky":false,"template":"","format":"standard","meta":{"_crdt_document":"","footnotes":""},"categories":[4],"tags":[],"class_list":["post-81839","post","type-post","status-publish","format-standard","has-post-thumbnail","hentry","category-spor"],"_links":{"self":[{"href":"https:\/\/www.egemtv.com\/index.php?rest_route=\/wp\/v2\/posts\/81839","targetHints":{"allow":["GET"]}}],"collection":[{"href":"https:\/\/www.egemtv.com\/index.php?rest_route=\/wp\/v2\/posts"}],"about":[{"href":"https:\/\/www.egemtv.com\/index.php?rest_route=\/wp\/v2\/types\/post"}],"author":[{"embeddable":true,"href":"https:\/\/www.egemtv.com\/index.php?rest_route=\/wp\/v2\/users\/1"}],"replies":[{"embeddable":true,"href":"https:\/\/www.egemtv.com\/index.php?rest_route=%2Fwp%2Fv2%2Fcomments&post=81839"}],"version-history":[{"count":1,"href":"https:\/\/www.egemtv.com\/index.php?rest_route=\/wp\/v2\/posts\/81839\/revisions"}],"predecessor-version":[{"id":81841,"href":"https:\/\/www.egemtv.com\/index.php?rest_route=\/wp\/v2\/posts\/81839\/revisions\/81841"}],"wp:featuredmedia":[{"embeddable":true,"href":"https:\/\/www.egemtv.com\/index.php?rest_route=\/wp\/v2\/media\/81840"}],"wp:attachment":[{"href":"https:\/\/www.egemtv.com\/index.php?rest_route=%2Fwp%2Fv2%2Fmedia&parent=81839"}],"wp:term":[{"taxonomy":"category","embeddable":true,"href":"https:\/\/www.egemtv.com\/index.php?rest_route=%2Fwp%2Fv2%2Fcategories&post=81839"},{"taxonomy":"post_tag","embeddable":true,"href":"https:\/\/www.egemtv.com\/index.php?rest_route=%2Fwp%2Fv2%2Ftags&post=81839"}],"curies":[{"name":"wp","href":"https:\/\/api.w.org\/{rel}","templated":true}]}}