{"id":81824,"date":"2026-01-19T19:14:54","date_gmt":"2026-01-19T16:14:54","guid":{"rendered":"https:\/\/www.egemtv.com\/?p=81824"},"modified":"2026-01-19T19:14:55","modified_gmt":"2026-01-19T16:14:55","slug":"marmariste-uyusturucu-operasyonu-3-tutuklama-2","status":"publish","type":"post","link":"https:\/\/www.egemtv.com\/?p=81824","title":{"rendered":"Marmaris\u2019te uyu\u015fturucu operasyonu: 3 tutuklama"},"content":{"rendered":"<p>Mu\u011fla Emniyet M\u00fcd\u00fcrl\u00fc\u011f\u00fc narkotik ekipleri taraf\u0131ndan Marmaris il\u00e7esinde d\u00fczenlenen uyu\u015fturucu operasyonunda uyu\u015fturucu maddeler ile birlikte g\u00f6zalt\u0131na al\u0131nan \u00fc\u00e7 ki\u015fi \u00e7\u0131kar\u0131ld\u0131klar\u0131 adli makamlarca tutukland\u0131.<br \/>\n<br \/>Mu\u011fla Emniyet M\u00fcd\u00fcrl\u00fc\u011f\u00fc Narkotik Su\u00e7larla M\u00fccadele \u015eube M\u00fcd\u00fcrl\u00fc\u011f\u00fc ekipleri Marmaris il\u00e7esinde uyu\u015fturucu sat\u0131\u015f\u0131 yapt\u0131\u011f\u0131 tespit edilen 3 \u015fahs\u0131n \u00fczerinde, ikametlerinde ve uyu\u015fturucu saklad\u0131klar\u0131 de\u011ferlendirilen b\u00f6lgede arama yapt\u0131.<br \/>\n<br \/>Yap\u0131lan aramalarda, 805 gram esrar, 145 gram sentetik kannabinoid (bonzai), 107 adet sentetik ecza ve su\u00e7tan elde edildi\u011fi de\u011ferlendirilen 6 bin 800 TL para ele ge\u00e7irildi. Yakalanan \u015fah\u0131slar uyu\u015fturucu ticareti su\u00e7u kapsam\u0131nda yap\u0131lan i\u015flemlerinin ard\u0131ndan \u00e7\u0131kar\u0131ld\u0131klar\u0131 adli makamlarca tutukland\u0131lar.<br \/><\/p>\n","protected":false},"excerpt":{"rendered":"<p>Mu\u011fla Emniyet M\u00fcd\u00fcrl\u00fc\u011f\u00fc narkotik ekipleri taraf\u0131ndan Marmaris il\u00e7esinde d\u00fczenlenen uyu\u015fturucu operasyonunda uyu\u015fturucu maddeler ile birlikte g\u00f6zalt\u0131na al\u0131nan \u00fc\u00e7 ki\u015fi \u00e7\u0131kar\u0131ld\u0131klar\u0131 adli makamlarca tutukland\u0131. Mu\u011fla Emniyet M\u00fcd\u00fcrl\u00fc\u011f\u00fc Narkotik Su\u00e7larla M\u00fccadele \u015eube M\u00fcd\u00fcrl\u00fc\u011f\u00fc ekipleri Marmaris il\u00e7esinde uyu\u015fturucu sat\u0131\u015f\u0131 yapt\u0131\u011f\u0131 tespit edilen 3 \u015fahs\u0131n \u00fczerinde, ikametlerinde ve uyu\u015fturucu saklad\u0131klar\u0131 de\u011ferlendirilen b\u00f6lgede arama yapt\u0131. Yap\u0131lan aramalarda, 805 gram esrar,&#8230;<\/p>\n","protected":false},"author":1,"featured_media":81825,"comment_status":"open","ping_status":"open","sticky":false,"template":"","format":"standard","meta":{"_crdt_document":"","footnotes":""},"categories":[5],"tags":[],"class_list":["post-81824","post","type-post","status-publish","format-standard","has-post-thumbnail","hentry","category-asayis"],"_links":{"self":[{"href":"https:\/\/www.egemtv.com\/index.php?rest_route=\/wp\/v2\/posts\/81824","targetHints":{"allow":["GET"]}}],"collection":[{"href":"https:\/\/www.egemtv.com\/index.php?rest_route=\/wp\/v2\/posts"}],"about":[{"href":"https:\/\/www.egemtv.com\/index.php?rest_route=\/wp\/v2\/types\/post"}],"author":[{"embeddable":true,"href":"https:\/\/www.egemtv.com\/index.php?rest_route=\/wp\/v2\/users\/1"}],"replies":[{"embeddable":true,"href":"https:\/\/www.egemtv.com\/index.php?rest_route=%2Fwp%2Fv2%2Fcomments&post=81824"}],"version-history":[{"count":1,"href":"https:\/\/www.egemtv.com\/index.php?rest_route=\/wp\/v2\/posts\/81824\/revisions"}],"predecessor-version":[{"id":81826,"href":"https:\/\/www.egemtv.com\/index.php?rest_route=\/wp\/v2\/posts\/81824\/revisions\/81826"}],"wp:featuredmedia":[{"embeddable":true,"href":"https:\/\/www.egemtv.com\/index.php?rest_route=\/wp\/v2\/media\/81825"}],"wp:attachment":[{"href":"https:\/\/www.egemtv.com\/index.php?rest_route=%2Fwp%2Fv2%2Fmedia&parent=81824"}],"wp:term":[{"taxonomy":"category","embeddable":true,"href":"https:\/\/www.egemtv.com\/index.php?rest_route=%2Fwp%2Fv2%2Fcategories&post=81824"},{"taxonomy":"post_tag","embeddable":true,"href":"https:\/\/www.egemtv.com\/index.php?rest_route=%2Fwp%2Fv2%2Ftags&post=81824"}],"curies":[{"name":"wp","href":"https:\/\/api.w.org\/{rel}","templated":true}]}}