{"id":81821,"date":"2026-01-19T18:37:29","date_gmt":"2026-01-19T15:37:29","guid":{"rendered":"https:\/\/www.egemtv.com\/?p=81821"},"modified":"2026-01-19T18:37:30","modified_gmt":"2026-01-19T15:37:30","slug":"izmirdeki-rusvet-davasinda-yeni-gelisme-tutuklu-saniklara-adli-kontrol","status":"publish","type":"post","link":"https:\/\/www.egemtv.com\/?p=81821","title":{"rendered":"\u0130zmir\u2019deki r\u00fc\u015fvet davas\u0131nda yeni geli\u015fme: Tutuklu san\u0131klara adli kontrol"},"content":{"rendered":"<p>\u0130zmir\u2019de icra dosyas\u0131n\u0131 \u00f6ne ald\u0131rma kar\u015f\u0131l\u0131\u011f\u0131nda r\u00fc\u015fvet ald\u0131klar\u0131 iddias\u0131yla yarg\u0131lanan icra m\u00fcd\u00fcr yard\u0131mc\u0131s\u0131 ve icra katibi, yurt d\u0131\u015f\u0131na \u00e7\u0131k\u0131\u015f yasa\u011f\u0131 ve adli kontrol \u015fart\u0131yla tahliye edildi.<br \/>\n<br \/>\u0130zmir Adliyesi \u0130cra M\u00fcd\u00fcrl\u00fc\u011f\u00fc\u2019nde 20 May\u0131s 2025 tarihinde resmi tahsilat s\u00fcrecini h\u0131zland\u0131rmak kar\u015f\u0131l\u0131\u011f\u0131nda Avukat D.\u00c7.\u2019den (30) 200 bin TL r\u00fc\u015fvet istedikleri \u00f6ne s\u00fcr\u00fclen \u0130cra M\u00fcd\u00fcr Yard\u0131mc\u0131s\u0131 Y.D. (27) ve icra katibi B.B. (26) hakk\u0131nda a\u00e7\u0131lan davan\u0131n g\u00f6r\u00fclmesine devam edildi. \u0130zmir 1. A\u011f\u0131r Ceza Mahkemesi\u2019ndeki duru\u015fmaya tutuklu san\u0131klar Y.D. ve B.B. ile taraf avukatlar\u0131 kat\u0131ld\u0131. Duru\u015fmada tan\u0131k olarak ifade veren \u0130zmir 14. \u0130cra Dairesi m\u00fcd\u00fcr\u00fc, s\u00f6z konusu dosyada s\u0131ra cetveli d\u00fczenleme yetkisinin m\u00fcd\u00fcr yard\u0131mc\u0131s\u0131nda oldu\u011funu belirterek, r\u00fc\u015fvet iddias\u0131ndan avukat\u0131n emniyet m\u00fcracaat\u0131 sonras\u0131 haberdar oldu\u011funu s\u00f6yledi. Di\u011fer tan\u0131k icra memuru O.O. ise, dosyada herhangi bir usuls\u00fcz i\u015flemle kar\u015f\u0131la\u015fmad\u0131\u011f\u0131n\u0131 beyan etti.<\/p>\n<p>&#8220;Deliller hukuka ayk\u0131r\u0131&#8221; savunmas\u0131<br \/>\n<br \/>Savc\u0131l\u0131k makam\u0131n\u0131n tutukluluk halinin devam\u0131 y\u00f6n\u00fcndeki m\u00fctalaas\u0131na kar\u015f\u0131 savunma yapan san\u0131k Y.D.\u2019nin avukat\u0131, kafede al\u0131nan ses ve g\u00f6r\u00fcnt\u00fc kay\u0131tlar\u0131n\u0131n \u2019y\u00f6nlendirme\u2019 ile olu\u015fturuldu\u011funu ve yasal delil niteli\u011fi ta\u015f\u0131mad\u0131\u011f\u0131n\u0131 iddia ederek, m\u00fcvekkilinin tahliyesini talep etti. San\u0131k B.B.\u2019nin avukat\u0131 da m\u00fcvekkilinin olayla ba\u011flant\u0131s\u0131 olmad\u0131\u011f\u0131n\u0131 savundu. San\u0131klar ise su\u00e7lamalar\u0131 reddederek tahliye talebinde bulundu.<br \/>\n<br \/>Mahkeme heyeti, tutuklu san\u0131klar Y.D. ve B.B. hakk\u0131nda yurt d\u0131\u015f\u0131na \u00e7\u0131k\u0131\u015f yasa\u011f\u0131 ve adli kontrol karar\u0131 vererek, tahliyelerine h\u00fckmetti. Eksik dosyalar\u0131n tamamlanmas\u0131 i\u00e7in duru\u015fma ertelendi.<br \/>\n<br \/>Avukat D.\u00c7.\u2019nin \u015fikayeti \u00fczerine \u0130zmir Cumhuriyet Ba\u015fsavc\u0131l\u0131\u011f\u0131 koordinesinde d\u00fczenlenen operasyonda, seri numaralar\u0131 al\u0131nm\u0131\u015f 200 bin liray\u0131 kafede teslim ald\u0131\u011f\u0131 s\u0131rada su\u00e7\u00fcst\u00fc yakalanan Y.D. ile sonras\u0131nda g\u00f6zalt\u0131na al\u0131nan B.B., \u00e7\u0131kar\u0131ld\u0131klar\u0131 mahkemece tutuklanarak cezaevine g\u00f6nderilmi\u015fti. San\u0131klar hakk\u0131nda \u2019r\u00fc\u015fvet almak\u2019 su\u00e7undan 12 y\u0131la kadar hapis cezas\u0131 talep ediliyor.<br \/><\/p>\n","protected":false},"excerpt":{"rendered":"<p>\u0130zmir\u2019de icra dosyas\u0131n\u0131 \u00f6ne ald\u0131rma kar\u015f\u0131l\u0131\u011f\u0131nda r\u00fc\u015fvet ald\u0131klar\u0131 iddias\u0131yla yarg\u0131lanan icra m\u00fcd\u00fcr yard\u0131mc\u0131s\u0131 ve icra katibi, yurt d\u0131\u015f\u0131na \u00e7\u0131k\u0131\u015f yasa\u011f\u0131 ve adli kontrol \u015fart\u0131yla tahliye edildi. \u0130zmir Adliyesi \u0130cra M\u00fcd\u00fcrl\u00fc\u011f\u00fc\u2019nde 20 May\u0131s 2025 tarihinde resmi tahsilat s\u00fcrecini h\u0131zland\u0131rmak kar\u015f\u0131l\u0131\u011f\u0131nda Avukat D.\u00c7.\u2019den (30) 200 bin TL r\u00fc\u015fvet istedikleri \u00f6ne s\u00fcr\u00fclen \u0130cra M\u00fcd\u00fcr Yard\u0131mc\u0131s\u0131 Y.D. (27) ve&#8230;<\/p>\n","protected":false},"author":1,"featured_media":81822,"comment_status":"open","ping_status":"open","sticky":false,"template":"","format":"standard","meta":{"_crdt_document":"","footnotes":""},"categories":[5],"tags":[],"class_list":["post-81821","post","type-post","status-publish","format-standard","has-post-thumbnail","hentry","category-asayis"],"_links":{"self":[{"href":"https:\/\/www.egemtv.com\/index.php?rest_route=\/wp\/v2\/posts\/81821","targetHints":{"allow":["GET"]}}],"collection":[{"href":"https:\/\/www.egemtv.com\/index.php?rest_route=\/wp\/v2\/posts"}],"about":[{"href":"https:\/\/www.egemtv.com\/index.php?rest_route=\/wp\/v2\/types\/post"}],"author":[{"embeddable":true,"href":"https:\/\/www.egemtv.com\/index.php?rest_route=\/wp\/v2\/users\/1"}],"replies":[{"embeddable":true,"href":"https:\/\/www.egemtv.com\/index.php?rest_route=%2Fwp%2Fv2%2Fcomments&post=81821"}],"version-history":[{"count":1,"href":"https:\/\/www.egemtv.com\/index.php?rest_route=\/wp\/v2\/posts\/81821\/revisions"}],"predecessor-version":[{"id":81823,"href":"https:\/\/www.egemtv.com\/index.php?rest_route=\/wp\/v2\/posts\/81821\/revisions\/81823"}],"wp:featuredmedia":[{"embeddable":true,"href":"https:\/\/www.egemtv.com\/index.php?rest_route=\/wp\/v2\/media\/81822"}],"wp:attachment":[{"href":"https:\/\/www.egemtv.com\/index.php?rest_route=%2Fwp%2Fv2%2Fmedia&parent=81821"}],"wp:term":[{"taxonomy":"category","embeddable":true,"href":"https:\/\/www.egemtv.com\/index.php?rest_route=%2Fwp%2Fv2%2Fcategories&post=81821"},{"taxonomy":"post_tag","embeddable":true,"href":"https:\/\/www.egemtv.com\/index.php?rest_route=%2Fwp%2Fv2%2Ftags&post=81821"}],"curies":[{"name":"wp","href":"https:\/\/api.w.org\/{rel}","templated":true}]}}