{"id":81818,"date":"2026-01-19T18:20:58","date_gmt":"2026-01-19T15:20:58","guid":{"rendered":"https:\/\/www.egemtv.com\/?p=81818"},"modified":"2026-01-19T18:20:59","modified_gmt":"2026-01-19T15:20:59","slug":"ispartada-105-yatak-kapasiteli-yogun-bakim-unitesi-insaati-sduye-devredildi","status":"publish","type":"post","link":"https:\/\/www.egemtv.com\/?p=81818","title":{"rendered":"Isparta\u2019da 105 yatak kapasiteli Yo\u011fun Bak\u0131m \u00dcnitesi in\u015faat\u0131 SD\u00dc\u2019ye devredildi"},"content":{"rendered":"<p>Ba\u015fkanl\u0131\u011f\u0131n\u0131 Isparta Belediye Ba\u015fkan\u0131 \u015e\u00fckr\u00fc Ba\u015fde\u011firmen\u2019in yapt\u0131\u011f\u0131 Isparta Kent Hizmetlerini Geli\u015ftirme Derne\u011fi arac\u0131l\u0131\u011f\u0131yla ba\u015flat\u0131lan SD\u00dc Ara\u015ft\u0131rma ve Uygulama Hastanesi\u2019ne ek yo\u011fun bak\u0131m \u00fcnitesi in\u015faat\u0131, hay\u0131rsever ve i\u015f insanlar\u0131n\u0131n deste\u011fi ile belirli bir a\u015famaya getirildi. Kaba in\u015faat\u0131 tamamlanan yo\u011fun bak\u0131m \u00fcnitesi in\u015faat\u0131, Belediye Ba\u015fkan\u0131 \u015e\u00fckr\u00fc Ba\u015fde\u011firmen ile SD\u00dc Rekt\u00f6r\u00fc Prof. Dr. Mehmet Saltan aras\u0131nda imzalanan protokolle \u00fcniversiteye devredildi.<br \/>\n<br \/>Isparta\u2019n\u0131n sa\u011fl\u0131k altyap\u0131s\u0131na \u00f6nemli \u00f6l\u00e7\u00fcde katk\u0131 sunacak 105 yatak kapasiteli yo\u011fun bak\u0131m \u00fcnitesi in\u015faat\u0131 t\u00fcm h\u0131z\u0131yla devam ediyor. Kentte sa\u011fl\u0131k altyap\u0131s\u0131n\u0131 g\u00fc\u00e7lendirmeyi ama\u00e7layan SD\u00dc Ara\u015ft\u0131rma ve Uygulama Hastanesi\u2019ne ek yo\u011fun bak\u0131m \u00fcnitesi in\u015faat\u0131, tamamlanmas\u0131yla yo\u011fun bak\u0131m hizmetlerine duyulan ihtiyac\u0131 tam anlam\u0131yla kar\u015f\u0131lam\u0131\u015f olacak. Isparta Belediye Ba\u015fkan\u0131 \u015e\u00fckr\u00fc Ba\u015fde\u011firmen\u2019in \u00f6nc\u00fcl\u00fc\u011f\u00fcnde Isparta Kent Hizmetlerini Geli\u015ftirme Derne\u011fi arac\u0131l\u0131\u011f\u0131yla ba\u015flat\u0131lan yo\u011fun bak\u0131m \u00fcnitesi in\u015faat\u0131 hay\u0131rsever ve i\u015f insanlar\u0131n\u0131n deste\u011fi ile belirli bir a\u015famaya getirildi. \u0130n\u015faat\u0131n tamamlanmas\u0131yla ilgili \u00f6nemli bir geli\u015fme ya\u015fand\u0131. Daha \u00f6nce Isparta Kent Hizmetlerini Geli\u015ftirme Derne\u011fi b\u00fcnyesinde bulunan yo\u011fun bak\u0131m \u00fcnitesi in\u015faat\u0131, Isparta Belediye Ba\u015fkan\u0131 \u015e\u00fckr\u00fc Ba\u015fde\u011firmen\u2019in Ankara\u2019da ger\u00e7ekle\u015ftirdi\u011fi temaslar neticesinde d\u00fczenlenen protokolle S\u00fcleyman Demirel \u00dcniversitesi\u2019ne devredildi. D\u00fczenlenen devir protokol imza program\u0131na Isparta Belediye Ba\u015fkan\u0131 \u015e\u00fckr\u00fc Ba\u015fde\u011firmen, SD\u00dc Rekt\u00f6r\u00fc Prof. Dr. Mehmet Saltan, Isparta Ticaret Borsas\u0131 Ba\u015fkan\u0131 H\u00fcdai \u015eahin, rekt\u00f6r yard\u0131mc\u0131lar\u0131 ve Isparta Kent Hizmetlerini Geli\u015ftirme Derne\u011fi y\u00f6netimi kat\u0131ld\u0131.<\/p>\n<p>&#8220;Yo\u011fun bak\u0131m \u00fcnitemize devletimizden ya da belediyemizden bir kuru\u015f para harcamad\u0131k&#8221;<br \/>\n<br \/>Isparta Belediye Ba\u015fkan\u0131 \u015e\u00fckr\u00fc Ba\u015fde\u011firmen, yo\u011fun bak\u0131m \u00fcnitesinin yaln\u0131zca Isparta\u2019ya de\u011fil, di\u011fer illerden gelen hastalara da hizmet edece\u011fini belirterek, in\u015faatta bug\u00fcne kadar devletten ya da belediyeden bir kuru\u015f harcanmad\u0131\u011f\u0131n\u0131 s\u00f6yledi. Ba\u015fkan Ba\u015fde\u011firmen, &#8220;Rekt\u00f6r hocama, dekan hocama, ba\u015fhekimimize, rekt\u00f6r yard\u0131mc\u0131lar\u0131m\u0131za, \u00fcniversite i\u00e7erisinde t\u0131p fak\u00fcltesiyle alakal\u0131 birimde olan ve bu konuda bize destek veren t\u00fcm arkada\u015flar\u0131m\u0131za te\u015fekk\u00fcr ediyorum. Bizler arkada\u015flar\u0131m\u0131zla b\u00f6yle bir projeyi ortaya koydu\u011fumuzda, say\u0131n rekt\u00f6r\u00fcm ve di\u011fer yetkili arkada\u015flar\u0131m\u0131zla bu projemizi payla\u015ft\u0131k. Isparta\u2019n\u0131n sa\u011fl\u0131k hizmetlerini bir kademe daha yukar\u0131ya ta\u015f\u0131mak i\u00e7in b\u00f6yle bir eksiklik oldu\u011funu ve bu eksikli\u011fi gidermek i\u00e7in Isparta halk\u0131 olarak haz\u0131r oldu\u011fumuzu ifade ettik. Proje a\u00e7\u0131klan\u0131nca say\u0131n rekt\u00f6r\u00fcm\u00fcz ve di\u011fer arkada\u015flar\u0131m\u0131z bu konuya b\u00fcy\u00fck bir hassasiyetle sahip \u00e7\u0131kt\u0131lar. Biz de bu cesaretle derne\u011fimizi kurduk ve y\u00f6netim kurulundaki arkada\u015flar\u0131m\u0131zla birlikte yola \u00e7\u0131kt\u0131k. Mehmet Taner Bey, Osman \u015eahlan Bey, H\u00fcdai \u015eahin Bey, Selman Boyac\u0131 Bey ve muhasebemizde Serdar arkada\u015f\u0131m\u0131zla birlikte bu s\u00fcreci y\u00fcr\u00fctt\u00fck. Hakikaten zor bir yoldu. Yo\u011fun bak\u0131m \u00fcnitemiz, vatanda\u015flar\u0131m\u0131z\u0131n destekleriyle yap\u0131lacak bir yat\u0131r\u0131md\u0131. Isparta\u2019n\u0131n en \u00f6nemli sa\u011fl\u0131k birimlerinden biri olan T\u0131p Fak\u00fcltesi\u2019nin hizmetlerini bir kademe daha yukar\u0131ya ta\u015f\u0131may\u0131 hedefledik. Sadece Isparta\u2019ya de\u011fil, \u00e7evre illerdeki hastalara da hizmet edecek bir yo\u011fun bak\u0131m \u00fcnitesi, acil ameliyathaneler ve giri\u015f kat\u0131nda yeti\u015fkinler ile \u00e7ocuklar i\u00e7in acil servis yap\u0131lmas\u0131 hedeflendi. Vermi\u015f oldu\u011fumuz s\u00f6z gere\u011fi bu s\u00fcreci tamamlad\u0131k&#8221; dedi.<\/p>\n<p>&#8220;Yo\u011fun bak\u0131m \u00fcnitesi 2026 y\u0131l\u0131 yat\u0131r\u0131m program\u0131na al\u0131nd\u0131, \u00f6dene\u011fi ayr\u0131ld\u0131&#8221;<br \/>\n<br \/>Yo\u011fun bak\u0131m \u00fcnitesinin 2026 yat\u0131r\u0131m program\u0131na al\u0131nd\u0131\u011f\u0131n\u0131 belirten Ba\u015fkan Ba\u015fde\u011firmen, \u00f6dene\u011finin de haz\u0131r oldu\u011funu m\u00fcjdeledi. Ba\u015fkan Ba\u015fde\u011firmen, &#8220;\u015eu anda hastane binas\u0131n\u0131n nitelikli alanlar\u0131 kald\u0131. Bu alanlarla ilgili olarak say\u0131n rekt\u00f6r\u00fcm\u00fcz, milletvekillerimiz ve valimizle birlikte yap\u0131lan g\u00f6r\u00fc\u015fmeler neticesinde, bu b\u00f6l\u00fcmlerin devletimiz taraf\u0131ndan yap\u0131larak vatanda\u015f\u0131m\u0131z\u0131n hizmetine sunulmas\u0131na karar verildi. G\u00f6r\u00fc\u015fmeler olumlu sonu\u00e7land\u0131 ve 2026 y\u0131l\u0131 yat\u0131r\u0131m program\u0131na al\u0131narak \u00f6dene\u011fi ayr\u0131ld\u0131. Bundan dolay\u0131 son derece memnunuz. \u015eehrimize \u00e7ok g\u00fczel bir yo\u011fun bak\u0131m \u00fcnitesi kazand\u0131rmaktan gurur duyuyoruz. Bu s\u00fcre\u00e7te Isparta halk\u0131m\u0131z bize \u00e7ok b\u00fcy\u00fck destek verdi. Bu yat\u0131r\u0131m, devletimizin ya da belediyemizin b\u00fct\u00e7esinden tek kuru\u015f kullan\u0131lmadan, tamamen Isparta\u2019da ya\u015fayan ve Isparta d\u0131\u015f\u0131nda ya\u015fayan hem\u015fehrilerimizin destekleriyle tamamland\u0131. \u0130n\u015fallah tesisat\u0131 ve nitelikli sa\u011fl\u0131k birimleri tamamland\u0131ktan sonra, T\u00fcrkiye\u2019de \u00f6rne\u011fi olmayan, sadece yo\u011fun bak\u0131m \u00fcnitesi olarak hizmet verecek bu b\u00fcy\u00fck yap\u0131y\u0131 sa\u011fl\u0131k hizmetine sunmu\u015f olaca\u011f\u0131z. \u0130n\u015fallah en k\u0131sa zamanda hasta kabul\u00fcne ba\u015fland\u0131\u011f\u0131nda kurdeleyi hep birlikte kesmeyi Rabbim nasip eder. Bu kurdeleyi de bu hastaneye bir tu\u011fla dahi koyan herkesle birlikte kesmeyi diliyorum&#8221; diye konu\u015ftu.<br \/>\n<br \/>Konu\u015fmalar\u0131n ard\u0131ndan yo\u011fun bak\u0131m \u00fcnitesi in\u015faat\u0131, Belediye Ba\u015fkan\u0131 \u015e\u00fckr\u00fc Ba\u015fde\u011firmen ve SD\u00dc Rekt\u00f6r\u00fc Prof. Dr. Mehmet Saltan taraf\u0131ndan imzalanan protokolle \u00fcniversiteye devredildi.<br \/><\/p>\n","protected":false},"excerpt":{"rendered":"<p>Ba\u015fkanl\u0131\u011f\u0131n\u0131 Isparta Belediye Ba\u015fkan\u0131 \u015e\u00fckr\u00fc Ba\u015fde\u011firmen\u2019in yapt\u0131\u011f\u0131 Isparta Kent Hizmetlerini Geli\u015ftirme Derne\u011fi arac\u0131l\u0131\u011f\u0131yla ba\u015flat\u0131lan SD\u00dc Ara\u015ft\u0131rma ve Uygulama Hastanesi\u2019ne ek yo\u011fun bak\u0131m \u00fcnitesi in\u015faat\u0131, hay\u0131rsever ve i\u015f insanlar\u0131n\u0131n deste\u011fi ile belirli bir a\u015famaya getirildi. Kaba in\u015faat\u0131 tamamlanan yo\u011fun bak\u0131m \u00fcnitesi in\u015faat\u0131, Belediye Ba\u015fkan\u0131 \u015e\u00fckr\u00fc Ba\u015fde\u011firmen ile SD\u00dc Rekt\u00f6r\u00fc Prof. Dr. Mehmet Saltan aras\u0131nda imzalanan protokolle&#8230;<\/p>\n","protected":false},"author":1,"featured_media":81819,"comment_status":"open","ping_status":"open","sticky":false,"template":"","format":"standard","meta":{"_crdt_document":"","footnotes":""},"categories":[1],"tags":[],"class_list":["post-81818","post","type-post","status-publish","format-standard","has-post-thumbnail","hentry","category-guncel"],"_links":{"self":[{"href":"https:\/\/www.egemtv.com\/index.php?rest_route=\/wp\/v2\/posts\/81818","targetHints":{"allow":["GET"]}}],"collection":[{"href":"https:\/\/www.egemtv.com\/index.php?rest_route=\/wp\/v2\/posts"}],"about":[{"href":"https:\/\/www.egemtv.com\/index.php?rest_route=\/wp\/v2\/types\/post"}],"author":[{"embeddable":true,"href":"https:\/\/www.egemtv.com\/index.php?rest_route=\/wp\/v2\/users\/1"}],"replies":[{"embeddable":true,"href":"https:\/\/www.egemtv.com\/index.php?rest_route=%2Fwp%2Fv2%2Fcomments&post=81818"}],"version-history":[{"count":1,"href":"https:\/\/www.egemtv.com\/index.php?rest_route=\/wp\/v2\/posts\/81818\/revisions"}],"predecessor-version":[{"id":81820,"href":"https:\/\/www.egemtv.com\/index.php?rest_route=\/wp\/v2\/posts\/81818\/revisions\/81820"}],"wp:featuredmedia":[{"embeddable":true,"href":"https:\/\/www.egemtv.com\/index.php?rest_route=\/wp\/v2\/media\/81819"}],"wp:attachment":[{"href":"https:\/\/www.egemtv.com\/index.php?rest_route=%2Fwp%2Fv2%2Fmedia&parent=81818"}],"wp:term":[{"taxonomy":"category","embeddable":true,"href":"https:\/\/www.egemtv.com\/index.php?rest_route=%2Fwp%2Fv2%2Fcategories&post=81818"},{"taxonomy":"post_tag","embeddable":true,"href":"https:\/\/www.egemtv.com\/index.php?rest_route=%2Fwp%2Fv2%2Ftags&post=81818"}],"curies":[{"name":"wp","href":"https:\/\/api.w.org\/{rel}","templated":true}]}}