{"id":81815,"date":"2026-01-19T18:20:57","date_gmt":"2026-01-19T15:20:57","guid":{"rendered":"https:\/\/www.egemtv.com\/?p=81815"},"modified":"2026-01-19T18:20:58","modified_gmt":"2026-01-19T15:20:58","slug":"undpden-denizli-model-fabrikaya-ziyaret","status":"publish","type":"post","link":"https:\/\/www.egemtv.com\/?p=81815","title":{"rendered":"UNDP\u2019den Denizli Model Fabrikaya ziyaret"},"content":{"rendered":"<p>Denizli Sanayi Odas\u0131 \u00f6nc\u00fcl\u00fc\u011f\u00fcnde hayata ge\u00e7irilen ve T\u00fcrkiye\u2019nin 11. Model Fabrikas\u0131 olan Denizli Model Fabrika, sanayide verimlilik, yal\u0131n \u00fcretim ve s\u00fcrd\u00fcr\u00fclebilir d\u00f6n\u00fc\u015f\u00fcm hedefleri do\u011frultusunda \u00f6nemli bir a\u015famay\u0131 geride b\u0131rakt\u0131. Yakla\u015f\u0131k iki bu\u00e7uk y\u0131ll\u0131k \u00e7al\u0131\u015fman\u0131n ard\u0131ndan 1,3 milyon dolarl\u0131k yat\u0131r\u0131mla tamamlanan merkez, Denizli ve G\u00fcney Ege B\u00f6lgesi sanayicilerinin hizmetine sunuldu.<br \/>\n<br \/>Eyl\u00fcl ay\u0131nda faaliyetlerine ba\u015flayan Denizli Model Fabrika\u2019n\u0131n sanayiye katk\u0131lar\u0131, ilk \u00f6\u011fren-d\u00f6n\u00fc\u015f programlar\u0131ndan elde edilen sonu\u00e7lar ve yeni d\u00f6neme ili\u015fkin hedefleri; UNDP T\u00fcrkiye Mukim Temsilcisi Monica Merino, Mukim Temsilci Yard\u0131mc\u0131s\u0131 Miodrag Dragisic ve beraberlerindeki UNDP heyetinin Denizli Model Fabrikaya ger\u00e7ekle\u015ftirdi\u011fi ziyaret kapsam\u0131nda ele al\u0131nd\u0131. Ziyaret s\u0131ras\u0131nda Model Fabrika\u2019n\u0131n faaliyetleri, e\u011fitim ve dan\u0131\u015fmanl\u0131k programlar\u0131 hakk\u0131nda kapsaml\u0131 bilgilendirme yap\u0131ld\u0131.<br \/>\n<br \/>Y\u0131lda 40\u2019\u0131n \u00fczerinde firmaya dan\u0131\u015fmanl\u0131k ve ko\u00e7luk deste\u011fi<br \/>\n<br \/>Model Fabrika Y\u00f6netim Kurulu Ba\u015fkan\u0131 Selim Kasapo\u011flu, Model Fabrikada y\u00fcr\u00fct\u00fclen ilk \u00f6\u011fren-d\u00f6n\u00fc\u015f programlar\u0131n\u0131n, tekstil, kablo, makine imalat\u0131 ve g\u0131da sekt\u00f6rlerinden toplam 6 firman\u0131n yer ald\u0131\u011f\u0131 ilk proje d\u00f6neminde ba\u015far\u0131yla tamamland\u0131\u011f\u0131n\u0131 ifade etti. Kasapo\u011flu, pilot uygulamalar\u0131n ger\u00e7ekle\u015ftirildi\u011fi alanlarda firmalar\u0131n verimlilik seviyelerinde y\u00fczde 50\u2019nin \u00fczerinde art\u0131\u015f sa\u011fland\u0131\u011f\u0131n\u0131 belirterek, elde edilen bu sonu\u00e7lar\u0131n Model Fabrika yat\u0131r\u0131m\u0131n\u0131n ne kadar do\u011fru ve gerekli oldu\u011funu a\u00e7\u0131k\u00e7a ortaya koydu\u011funu s\u00f6yledi.<br \/>\n<br \/>\u0130kinci proje d\u00f6neminde 10 firmaya; \u00f6\u011fren-d\u00f6n\u00fc\u015f, dijital d\u00f6n\u00fc\u015f\u00fcm, tesis yerle\u015fim ve maliyet belirleme projeleri kapsam\u0131nda dan\u0131\u015fmanl\u0131k ve ko\u00e7luk hizmeti sunulaca\u011f\u0131n\u0131 aktaran Kasapo\u011flu, bu say\u0131n\u0131n 2026 y\u0131l\u0131 sonuna kadar 40 i\u015fletmenin \u00fczerine \u00e7\u0131kaca\u011f\u0131n\u0131 belirterek, Model Fabrika\u2019n\u0131n temel hedefinin Denizli sanayisinin rekabet g\u00fcc\u00fcn\u00fc art\u0131rmak ve firmalar\u0131 gelece\u011fin \u00fcretim anlay\u0131\u015f\u0131na haz\u0131rlamak oldu\u011funu vurgulad\u0131.<br \/>\n<br \/>B\u00f6lgesel kalk\u0131nmada model fabrikalar\u0131n katk\u0131s\u0131<br \/>\n<br \/>UNDP T\u00fcrkiye Mukim Temsilcisi Monica Merino ise Model Fabrikalar\u0131n, \u00f6zellikle KOB\u0130\u2019lerin d\u00f6n\u00fc\u015f\u00fcm s\u00fcre\u00e7lerinde \u00f6nemli rol \u00fcstlendi\u011fini ve ayn\u0131 zamanda i\u015fletmelere yaln\u0131zca teknik destek sa\u011flamakla kalmay\u0131p yenilik\u00e7i \u00fcretim yakla\u015f\u0131mlar\u0131n\u0131n yayg\u0131nla\u015fmas\u0131na katk\u0131 sundu\u011funu belirterek, Denizli Model Fabrika\u2019n\u0131n k\u0131sa s\u00fcrede elde etti\u011fi somut sonu\u00e7lardan ve b\u00f6lge ekonomisine sa\u011flad\u0131\u011f\u0131 katk\u0131lardan duydu\u011fu memnuniyeti dile getirdi.<br \/>\n<br \/>T.C. Sanayi ve Teknoloji Bakanl\u0131\u011f\u0131 Verimlilik Uygulamalar\u0131 Dairesi Ba\u015fkan\u0131 Dr. Y\u00fccel \u00d6zkara da yapt\u0131\u011f\u0131 de\u011ferlendirmede, Denizli Model Fabrika\u2019n\u0131n k\u0131sa s\u00fcrede ortaya koydu\u011fu performanstan duydu\u011fu memnuniyeti dile getirdi. \u00d6zkara, Denizli Sanayi Odas\u0131 ve Model Fabrika Y\u00f6netim Kurulu\u2019nun projeye olan g\u00fc\u00e7l\u00fc inanc\u0131n\u0131n ve Denizli sanayisini sahiplenen yakla\u015f\u0131m\u0131n\u0131n bu ba\u015far\u0131da \u00f6nemli rol oynad\u0131\u011f\u0131n\u0131 vurgulad\u0131.<br \/>\n<br \/>Kurulum ve devreye alma s\u00fcre\u00e7lerinde sergilenen profesyonel yakla\u015f\u0131m ve h\u0131zl\u0131 aksiyon alma kabiliyeti i\u00e7in eme\u011fi ge\u00e7enlere te\u015fekk\u00fcr eden \u00d6zkara, ilk \u00f6\u011fren-d\u00f6n\u00fc\u015f programlar\u0131n\u0131n ba\u015far\u0131yla tamamlanmas\u0131n\u0131n Model Fabrika modelinin sahada ne kadar etkili oldu\u011funu a\u00e7\u0131k\u00e7a g\u00f6sterdi\u011fini ifade etti.<br \/>\n<br \/>E\u011fitim hatlar\u0131 ve devam eden projeler yerinde incelendi<br \/>\n<br \/>Toplant\u0131n\u0131n sonunda Model Fabrika Direkt\u00f6r\u00fc Bilgehan Deniz \u00d6zt\u00fcrk, Model Fabrika\u2019n\u0131n yakla\u015f\u0131m\u0131 ile e\u011fitim ve dan\u0131\u015fmanl\u0131k programlar\u0131na ili\u015fkin kapsaml\u0131 bir sunum ger\u00e7ekle\u015ftirdi. \u0130lk \u00f6\u011fren-d\u00f6n\u00fc\u015f program\u0131ndan elde edilen sonu\u00e7lar\u0131 payla\u015fan \u00d6zt\u00fcrk, Model Fabrikadan hizmet alan firmalar\u0131n pilot uygulama alanlar\u0131nda y\u00fczde 50\u2019nin \u00fczerinde verimlilik art\u0131\u015f\u0131 sa\u011flad\u0131\u011f\u0131n\u0131 ifade etti. \u00d6zt\u00fcrk, heyete \u00f6n\u00fcm\u00fczdeki d\u00f6nemde hayata ge\u00e7irilmesi planlanan yeni dan\u0131\u015fmanl\u0131k ve proje ba\u015fl\u0131klar\u0131na ili\u015fkin bilgileri de aktard\u0131.<br \/>\n<br \/>Program, heyetin Model Fabrika tesisinde e\u011fitim hatlar\u0131, devam eden dan\u0131\u015fmanl\u0131k projeleri ve merkezi teknik altyap\u0131s\u0131n\u0131n yerinde incelenmesiyle sona erdi.<br \/><\/p>\n","protected":false},"excerpt":{"rendered":"<p>Denizli Sanayi Odas\u0131 \u00f6nc\u00fcl\u00fc\u011f\u00fcnde hayata ge\u00e7irilen ve T\u00fcrkiye\u2019nin 11. Model Fabrikas\u0131 olan Denizli Model Fabrika, sanayide verimlilik, yal\u0131n \u00fcretim ve s\u00fcrd\u00fcr\u00fclebilir d\u00f6n\u00fc\u015f\u00fcm hedefleri do\u011frultusunda \u00f6nemli bir a\u015famay\u0131 geride b\u0131rakt\u0131. Yakla\u015f\u0131k iki bu\u00e7uk y\u0131ll\u0131k \u00e7al\u0131\u015fman\u0131n ard\u0131ndan 1,3 milyon dolarl\u0131k yat\u0131r\u0131mla tamamlanan merkez, Denizli ve G\u00fcney Ege B\u00f6lgesi sanayicilerinin hizmetine sunuldu. Eyl\u00fcl ay\u0131nda faaliyetlerine ba\u015flayan Denizli Model&#8230;<\/p>\n","protected":false},"author":1,"featured_media":81816,"comment_status":"open","ping_status":"open","sticky":false,"template":"","format":"standard","meta":{"_crdt_document":"","footnotes":""},"categories":[125],"tags":[],"class_list":["post-81815","post","type-post","status-publish","format-standard","has-post-thumbnail","hentry","category-ekonomi"],"_links":{"self":[{"href":"https:\/\/www.egemtv.com\/index.php?rest_route=\/wp\/v2\/posts\/81815","targetHints":{"allow":["GET"]}}],"collection":[{"href":"https:\/\/www.egemtv.com\/index.php?rest_route=\/wp\/v2\/posts"}],"about":[{"href":"https:\/\/www.egemtv.com\/index.php?rest_route=\/wp\/v2\/types\/post"}],"author":[{"embeddable":true,"href":"https:\/\/www.egemtv.com\/index.php?rest_route=\/wp\/v2\/users\/1"}],"replies":[{"embeddable":true,"href":"https:\/\/www.egemtv.com\/index.php?rest_route=%2Fwp%2Fv2%2Fcomments&post=81815"}],"version-history":[{"count":1,"href":"https:\/\/www.egemtv.com\/index.php?rest_route=\/wp\/v2\/posts\/81815\/revisions"}],"predecessor-version":[{"id":81817,"href":"https:\/\/www.egemtv.com\/index.php?rest_route=\/wp\/v2\/posts\/81815\/revisions\/81817"}],"wp:featuredmedia":[{"embeddable":true,"href":"https:\/\/www.egemtv.com\/index.php?rest_route=\/wp\/v2\/media\/81816"}],"wp:attachment":[{"href":"https:\/\/www.egemtv.com\/index.php?rest_route=%2Fwp%2Fv2%2Fmedia&parent=81815"}],"wp:term":[{"taxonomy":"category","embeddable":true,"href":"https:\/\/www.egemtv.com\/index.php?rest_route=%2Fwp%2Fv2%2Fcategories&post=81815"},{"taxonomy":"post_tag","embeddable":true,"href":"https:\/\/www.egemtv.com\/index.php?rest_route=%2Fwp%2Fv2%2Ftags&post=81815"}],"curies":[{"name":"wp","href":"https:\/\/api.w.org\/{rel}","templated":true}]}}