{"id":81812,"date":"2026-01-19T18:20:57","date_gmt":"2026-01-19T15:20:57","guid":{"rendered":"https:\/\/www.egemtv.com\/?p=81812"},"modified":"2026-01-19T18:20:57","modified_gmt":"2026-01-19T15:20:57","slug":"kusadasinda-metruk-binada-korkutan-yangin","status":"publish","type":"post","link":"https:\/\/www.egemtv.com\/?p=81812","title":{"rendered":"Ku\u015fadas\u0131\u2019nda metruk binada korkutan yang\u0131n"},"content":{"rendered":"<p>Ayd\u0131n\u2019\u0131n Ku\u015fadas\u0131 il\u00e7esinde metruk bir binada \u00e7\u0131kan yang\u0131n itfaiye ekiplerinin m\u00fcdahalesi ile di\u011fer evlere s\u0131\u00e7ramadan s\u00f6nd\u00fcr\u00fcld\u00fc.<\/p>\n<p>Yang\u0131n, Camikebir Mahallesi Arslanlar Caddesi \u00fczerinde bulunan metruk bir binada gece saatlerinde meydana geldi. Edinilen bilgiye g\u00f6re, metruk binada hen\u00fcz bilinmeyen bir nedenle yang\u0131n \u00e7\u0131kt\u0131. Binadan y\u00fckselen alev ve yo\u011fun duman\u0131 fark eden vatanda\u015flar durumu 112 Acil \u00c7a\u011fr\u0131 Merkezi\u2019ne bildirdi. \u0130hbar \u00fczerine b\u00f6lgeye itfaiye ve polis ekipleri sevk edildi. K\u0131sa s\u00fcrede olay yerine gelen Ayd\u0131n B\u00fcy\u00fck\u015fehir Belediyesi \u0130tfaiye Daire Ba\u015fkanl\u0131\u011f\u0131 ekipleri yang\u0131na h\u0131zl\u0131 \u015fekilde m\u00fcdahale ederek alevlerin \u00e7evreye s\u0131\u00e7ramas\u0131n\u0131 \u00f6nledi. Ekipleri uzun u\u011fra\u015flar\u0131 sonucu yang\u0131n kontrol alt\u0131na al\u0131nd\u0131.<\/p>\n<p>\u00d6te yandan mahalle sakinleri s\u00f6z konusu metruk bina ile ilgili daha \u00f6nce yetkililere ba\u015fvuruda bulunduklar\u0131n\u0131, binada kimsesiz ki\u015filerin kald\u0131\u011f\u0131, \u00e7\u00f6p biriktirildi\u011fi ve zaman zaman \u0131s\u0131nmak amac\u0131yla ate\u015f yak\u0131ld\u0131\u011f\u0131n\u0131 belirtti. Vatanda\u015flar, yetkililerin bir an \u00f6nce harekete ge\u00e7erek tehlike arz eden binan\u0131n kapat\u0131lmas\u0131n\u0131 ve gerekli \u00f6nlemlerin al\u0131nmas\u0131n\u0131 talep etti.<\/p>\n<p>Ekipler, yang\u0131n\u0131n \u00e7\u0131k\u0131\u015f nedenine ili\u015fkin inceleme ba\u015flatt\u0131.<br \/><\/p>\n","protected":false},"excerpt":{"rendered":"<p>Ayd\u0131n\u2019\u0131n Ku\u015fadas\u0131 il\u00e7esinde metruk bir binada \u00e7\u0131kan yang\u0131n itfaiye ekiplerinin m\u00fcdahalesi ile di\u011fer evlere s\u0131\u00e7ramadan s\u00f6nd\u00fcr\u00fcld\u00fc. Yang\u0131n, Camikebir Mahallesi Arslanlar Caddesi \u00fczerinde bulunan metruk bir binada gece saatlerinde meydana geldi. Edinilen bilgiye g\u00f6re, metruk binada hen\u00fcz bilinmeyen bir nedenle yang\u0131n \u00e7\u0131kt\u0131. Binadan y\u00fckselen alev ve yo\u011fun duman\u0131 fark eden vatanda\u015flar durumu 112 Acil \u00c7a\u011fr\u0131 Merkezi\u2019ne&#8230;<\/p>\n","protected":false},"author":1,"featured_media":81813,"comment_status":"open","ping_status":"open","sticky":false,"template":"","format":"standard","meta":{"_crdt_document":"","footnotes":""},"categories":[5],"tags":[],"class_list":["post-81812","post","type-post","status-publish","format-standard","has-post-thumbnail","hentry","category-asayis"],"_links":{"self":[{"href":"https:\/\/www.egemtv.com\/index.php?rest_route=\/wp\/v2\/posts\/81812","targetHints":{"allow":["GET"]}}],"collection":[{"href":"https:\/\/www.egemtv.com\/index.php?rest_route=\/wp\/v2\/posts"}],"about":[{"href":"https:\/\/www.egemtv.com\/index.php?rest_route=\/wp\/v2\/types\/post"}],"author":[{"embeddable":true,"href":"https:\/\/www.egemtv.com\/index.php?rest_route=\/wp\/v2\/users\/1"}],"replies":[{"embeddable":true,"href":"https:\/\/www.egemtv.com\/index.php?rest_route=%2Fwp%2Fv2%2Fcomments&post=81812"}],"version-history":[{"count":1,"href":"https:\/\/www.egemtv.com\/index.php?rest_route=\/wp\/v2\/posts\/81812\/revisions"}],"predecessor-version":[{"id":81814,"href":"https:\/\/www.egemtv.com\/index.php?rest_route=\/wp\/v2\/posts\/81812\/revisions\/81814"}],"wp:featuredmedia":[{"embeddable":true,"href":"https:\/\/www.egemtv.com\/index.php?rest_route=\/wp\/v2\/media\/81813"}],"wp:attachment":[{"href":"https:\/\/www.egemtv.com\/index.php?rest_route=%2Fwp%2Fv2%2Fmedia&parent=81812"}],"wp:term":[{"taxonomy":"category","embeddable":true,"href":"https:\/\/www.egemtv.com\/index.php?rest_route=%2Fwp%2Fv2%2Fcategories&post=81812"},{"taxonomy":"post_tag","embeddable":true,"href":"https:\/\/www.egemtv.com\/index.php?rest_route=%2Fwp%2Fv2%2Ftags&post=81812"}],"curies":[{"name":"wp","href":"https:\/\/api.w.org\/{rel}","templated":true}]}}