{"id":81809,"date":"2026-01-19T17:54:41","date_gmt":"2026-01-19T14:54:41","guid":{"rendered":"https:\/\/www.egemtv.com\/?p=81809"},"modified":"2026-01-19T17:54:42","modified_gmt":"2026-01-19T14:54:42","slug":"buyuksehirden-soguk-gunlerde-sicak-hizmet","status":"publish","type":"post","link":"https:\/\/www.egemtv.com\/?p=81809","title":{"rendered":"B\u00fcy\u00fck\u015fehir\u2019den so\u011fuk g\u00fcnlerde s\u0131cak hizmet"},"content":{"rendered":"<p>Ayd\u0131n B\u00fcy\u00fck\u015fehir Belediyesi taraf\u0131ndan il genelindeki pazarlarda da\u011f\u0131t\u0131lan \u00e7orba ve tavuklu pilav, pazarc\u0131 esnaf\u0131 ve al\u0131\u015fveri\u015f yapan vatanda\u015flardan yo\u011fun ilgi g\u00f6rd\u00fc.<br \/>\n<br \/>Ayd\u0131n B\u00fcy\u00fck\u015fehir Belediyesi, Ayd\u0131n genelinde kurulan semt pazarlar\u0131nda vatanda\u015flara ve pazarc\u0131 esnaf\u0131na \u00e7orba ve tavuklu pilav ikram\u0131nda bulundu. Sabah\u0131n erken saatlerinden itibaren kurulan pazarlarda ger\u00e7ekle\u015ftirilen ikram, pazarc\u0131 esnaf\u0131 ve al\u0131\u015fveri\u015f yapan vatanda\u015flardan yo\u011fun ilgi g\u00f6rd\u00fc. Ayd\u0131n B\u00fcy\u00fck\u015fehir Belediye Ba\u015fkan\u0131 \u00d6zlem \u00c7er\u00e7io\u011flu\u2019nun talimatlar\u0131yla hayata ge\u00e7irilen ikram program\u0131 kapsam\u0131nda, so\u011fuk k\u0131\u015f g\u00fcnlerinde vatanda\u015flar\u0131n i\u00e7ini \u0131s\u0131tan s\u0131cak \u00e7orba ve tavuklu pilav da\u011f\u0131t\u0131m\u0131 yap\u0131ld\u0131. B\u00fcy\u00fck\u015fehir Belediyesi ekipleri taraf\u0131ndan haz\u0131rlanan ikramlar, k\u0131sa s\u00fcrede binlerce vatanda\u015fa ula\u015ft\u0131r\u0131ld\u0131. Pazarc\u0131 esnaf\u0131 ve vatanda\u015flar, \u00f6zellikle sabah saatlerinde yap\u0131lan ikramdan duyduklar\u0131 memnuniyeti dile getirerek Ayd\u0131n B\u00fcy\u00fck\u015fehir Belediye Ba\u015fkan\u0131 \u00d6zlem \u00c7er\u00e7io\u011flu\u2019na te\u015fekk\u00fcr etti. Vatanda\u015flar, sosyal belediyecilik anlay\u0131\u015f\u0131yla ger\u00e7ekle\u015ftirilen bu t\u00fcr \u00e7al\u0131\u015fmalar\u0131n hem dayan\u0131\u015fma duygusunu g\u00fc\u00e7lendirdi\u011fini hem de so\u011fuk havada \u00e7al\u0131\u015fan pazarc\u0131 esnaf\u0131na moral verdi\u011fini ifade etti.<br \/><\/p>\n","protected":false},"excerpt":{"rendered":"<p>Ayd\u0131n B\u00fcy\u00fck\u015fehir Belediyesi taraf\u0131ndan il genelindeki pazarlarda da\u011f\u0131t\u0131lan \u00e7orba ve tavuklu pilav, pazarc\u0131 esnaf\u0131 ve al\u0131\u015fveri\u015f yapan vatanda\u015flardan yo\u011fun ilgi g\u00f6rd\u00fc. Ayd\u0131n B\u00fcy\u00fck\u015fehir Belediyesi, Ayd\u0131n genelinde kurulan semt pazarlar\u0131nda vatanda\u015flara ve pazarc\u0131 esnaf\u0131na \u00e7orba ve tavuklu pilav ikram\u0131nda bulundu. Sabah\u0131n erken saatlerinden itibaren kurulan pazarlarda ger\u00e7ekle\u015ftirilen ikram, pazarc\u0131 esnaf\u0131 ve al\u0131\u015fveri\u015f yapan vatanda\u015flardan yo\u011fun ilgi&#8230;<\/p>\n","protected":false},"author":1,"featured_media":81810,"comment_status":"open","ping_status":"open","sticky":false,"template":"","format":"standard","meta":{"_crdt_document":"","footnotes":""},"categories":[1],"tags":[],"class_list":["post-81809","post","type-post","status-publish","format-standard","has-post-thumbnail","hentry","category-guncel"],"_links":{"self":[{"href":"https:\/\/www.egemtv.com\/index.php?rest_route=\/wp\/v2\/posts\/81809","targetHints":{"allow":["GET"]}}],"collection":[{"href":"https:\/\/www.egemtv.com\/index.php?rest_route=\/wp\/v2\/posts"}],"about":[{"href":"https:\/\/www.egemtv.com\/index.php?rest_route=\/wp\/v2\/types\/post"}],"author":[{"embeddable":true,"href":"https:\/\/www.egemtv.com\/index.php?rest_route=\/wp\/v2\/users\/1"}],"replies":[{"embeddable":true,"href":"https:\/\/www.egemtv.com\/index.php?rest_route=%2Fwp%2Fv2%2Fcomments&post=81809"}],"version-history":[{"count":1,"href":"https:\/\/www.egemtv.com\/index.php?rest_route=\/wp\/v2\/posts\/81809\/revisions"}],"predecessor-version":[{"id":81811,"href":"https:\/\/www.egemtv.com\/index.php?rest_route=\/wp\/v2\/posts\/81809\/revisions\/81811"}],"wp:featuredmedia":[{"embeddable":true,"href":"https:\/\/www.egemtv.com\/index.php?rest_route=\/wp\/v2\/media\/81810"}],"wp:attachment":[{"href":"https:\/\/www.egemtv.com\/index.php?rest_route=%2Fwp%2Fv2%2Fmedia&parent=81809"}],"wp:term":[{"taxonomy":"category","embeddable":true,"href":"https:\/\/www.egemtv.com\/index.php?rest_route=%2Fwp%2Fv2%2Fcategories&post=81809"},{"taxonomy":"post_tag","embeddable":true,"href":"https:\/\/www.egemtv.com\/index.php?rest_route=%2Fwp%2Fv2%2Ftags&post=81809"}],"curies":[{"name":"wp","href":"https:\/\/api.w.org\/{rel}","templated":true}]}}