{"id":81806,"date":"2026-01-19T17:35:53","date_gmt":"2026-01-19T14:35:53","guid":{"rendered":"https:\/\/www.egemtv.com\/?p=81806"},"modified":"2026-01-19T17:35:54","modified_gmt":"2026-01-19T14:35:54","slug":"germencikte-caylar-baskan-zencirciden","status":"publish","type":"post","link":"https:\/\/www.egemtv.com\/?p=81806","title":{"rendered":"Germencik\u2019te \u00e7aylar Ba\u015fkan Zencirci\u2019den"},"content":{"rendered":"<p>Germencik Belediye Ba\u015fkan\u0131 Burak Zencirci so\u011fuk havaya ra\u011fmen \u00f6zveriyle \u00e7al\u0131\u015fan i\u015f\u00e7ilere \u00e7ay g\u00f6t\u00fcrd\u00fc, molalar\u0131na kat\u0131ld\u0131.<br \/>\n<br \/>Germencik Belediye Ba\u015fkan\u0131 Zencirci so\u011fuk havaya ra\u011fmen \u00f6zveriyle \u00e7al\u0131\u015fan belediye ekiplerini ziyaret ederek i\u015f\u00e7ilere \u00e7ay ikram etti. Sabah saatlerinde \u0130stasyon Mahallesi\u2019nde devam eden yol yap\u0131m \u00e7al\u0131\u015fmas\u0131ndan bir i\u015f\u00e7inin payla\u015f\u0131m\u0131n\u0131 g\u00f6rd\u00fc\u011f\u00fcn\u00fc ifade eden Ba\u015fkan Zencirci termoslarla \u00e7ay g\u00f6t\u00fcr\u00fcp i\u015f\u00e7ilere ikram etti. Ba\u015fkan Zencirci &#8220;Sabah saatlerinde bir i\u015f\u00e7imizin payla\u015f\u0131m\u0131n\u0131 g\u00f6rd\u00fcm. \u0130\u015f\u00e7ilerimiz ate\u015f yak\u0131p bir yandan \u0131s\u0131n\u0131yor, di\u011fer yandan yol g\u00fczergah\u0131ndaki buzun \u00e7\u00f6z\u00fclmesini bekliyorlarm\u0131\u015f. Termoslar\u0131m\u0131z\u0131 ald\u0131k hem saha incelememizi yapt\u0131k, hem de emek\u00e7i arkada\u015flar\u0131m\u0131za \u00e7ay ikram ettik. Emekleri ve \u00f6zverileri i\u00e7in te\u015fekk\u00fcrlerimi sunuyor, kolayl\u0131klar diliyorum&#8221; dedi.<br \/><\/p>\n","protected":false},"excerpt":{"rendered":"<p>Germencik Belediye Ba\u015fkan\u0131 Burak Zencirci so\u011fuk havaya ra\u011fmen \u00f6zveriyle \u00e7al\u0131\u015fan i\u015f\u00e7ilere \u00e7ay g\u00f6t\u00fcrd\u00fc, molalar\u0131na kat\u0131ld\u0131. Germencik Belediye Ba\u015fkan\u0131 Zencirci so\u011fuk havaya ra\u011fmen \u00f6zveriyle \u00e7al\u0131\u015fan belediye ekiplerini ziyaret ederek i\u015f\u00e7ilere \u00e7ay ikram etti. Sabah saatlerinde \u0130stasyon Mahallesi\u2019nde devam eden yol yap\u0131m \u00e7al\u0131\u015fmas\u0131ndan bir i\u015f\u00e7inin payla\u015f\u0131m\u0131n\u0131 g\u00f6rd\u00fc\u011f\u00fcn\u00fc ifade eden Ba\u015fkan Zencirci termoslarla \u00e7ay g\u00f6t\u00fcr\u00fcp i\u015f\u00e7ilere ikram etti&#8230;.<\/p>\n","protected":false},"author":1,"featured_media":81807,"comment_status":"open","ping_status":"open","sticky":false,"template":"","format":"standard","meta":{"_crdt_document":"","footnotes":""},"categories":[1],"tags":[],"class_list":["post-81806","post","type-post","status-publish","format-standard","has-post-thumbnail","hentry","category-guncel"],"_links":{"self":[{"href":"https:\/\/www.egemtv.com\/index.php?rest_route=\/wp\/v2\/posts\/81806","targetHints":{"allow":["GET"]}}],"collection":[{"href":"https:\/\/www.egemtv.com\/index.php?rest_route=\/wp\/v2\/posts"}],"about":[{"href":"https:\/\/www.egemtv.com\/index.php?rest_route=\/wp\/v2\/types\/post"}],"author":[{"embeddable":true,"href":"https:\/\/www.egemtv.com\/index.php?rest_route=\/wp\/v2\/users\/1"}],"replies":[{"embeddable":true,"href":"https:\/\/www.egemtv.com\/index.php?rest_route=%2Fwp%2Fv2%2Fcomments&post=81806"}],"version-history":[{"count":1,"href":"https:\/\/www.egemtv.com\/index.php?rest_route=\/wp\/v2\/posts\/81806\/revisions"}],"predecessor-version":[{"id":81808,"href":"https:\/\/www.egemtv.com\/index.php?rest_route=\/wp\/v2\/posts\/81806\/revisions\/81808"}],"wp:featuredmedia":[{"embeddable":true,"href":"https:\/\/www.egemtv.com\/index.php?rest_route=\/wp\/v2\/media\/81807"}],"wp:attachment":[{"href":"https:\/\/www.egemtv.com\/index.php?rest_route=%2Fwp%2Fv2%2Fmedia&parent=81806"}],"wp:term":[{"taxonomy":"category","embeddable":true,"href":"https:\/\/www.egemtv.com\/index.php?rest_route=%2Fwp%2Fv2%2Fcategories&post=81806"},{"taxonomy":"post_tag","embeddable":true,"href":"https:\/\/www.egemtv.com\/index.php?rest_route=%2Fwp%2Fv2%2Ftags&post=81806"}],"curies":[{"name":"wp","href":"https:\/\/api.w.org\/{rel}","templated":true}]}}