{"id":81803,"date":"2026-01-19T17:35:52","date_gmt":"2026-01-19T14:35:52","guid":{"rendered":"https:\/\/www.egemtv.com\/?p=81803"},"modified":"2026-01-19T17:35:53","modified_gmt":"2026-01-19T14:35:53","slug":"dogaseverler-buharkentin-guzellikleri-kesfetti","status":"publish","type":"post","link":"https:\/\/www.egemtv.com\/?p=81803","title":{"rendered":"Do\u011faseverler, Buharkent\u2019in g\u00fczellikleri ke\u015ffetti"},"content":{"rendered":"<p>Ayd\u0131n B\u00fcy\u00fck\u015fehir Belediyesi taraf\u0131ndan d\u00fczenlenen do\u011fa y\u00fcr\u00fcy\u00fc\u015flerinin son adresi Buharkent il\u00e7esi olurken, do\u011faseverler il\u00e7enin g\u00fczelliklerini ke\u015ffetti.<br \/>\n<br \/>Ayd\u0131n B\u00fcy\u00fck\u015fehir Belediyesi taraf\u0131ndan d\u00fczenlenen trekking etkinlikleri devam ediyor. Ayd\u0131nl\u0131 do\u011faseverlerin ve sporcular\u0131n yo\u011fun ilgi g\u00f6sterdi\u011fi y\u00fcr\u00fcy\u00fc\u015flerde vatanda\u015flar, Ayd\u0131n\u2019\u0131n e\u015fsiz g\u00fczellikteki do\u011fas\u0131n\u0131, k\u00fclt\u00fcrel ve tarihi zenginliklerini ziyaret etme, yak\u0131ndan inceleme \u015fans\u0131na da eri\u015fiyor. Trekking etkinliklerinin yeni rotas\u0131 Buharkent K\u0131z\u0131ldere Mahallesi ve Kaura Harabeleri aras\u0131nda yer alan 14 kilometrelik y\u00fcr\u00fcy\u00fc\u015f yolu oldu. Arkeoloji ve k\u00fclt\u00fcr y\u00fcr\u00fcy\u00fc\u015f\u00fcne vatanda\u015flar da yo\u011fun ilgi g\u00f6sterdi. Kaura Harabeleri\u2019nin de ziyaret edildi\u011fi y\u00fcr\u00fcy\u00fc\u015fte vatanda\u015flara Ayd\u0131n B\u00fcy\u00fck\u015fehir Belediyesi\u2019nin uzman personelleri de e\u015flik etti, b\u00f6lge hakk\u0131nda bilgi verdi. Etkinli\u011fe kat\u0131lan do\u011faseverler ve sporcular unutulmaz bir g\u00fcn ya\u015fad\u0131klar\u0131n\u0131 belirterek Ayd\u0131n B\u00fcy\u00fck\u015fehir Belediye Ba\u015fkan\u0131 \u00d6zlem \u00c7er\u00e7io\u011flu\u2019na te\u015fekk\u00fcr etti.<br \/><\/p>\n","protected":false},"excerpt":{"rendered":"<p>Ayd\u0131n B\u00fcy\u00fck\u015fehir Belediyesi taraf\u0131ndan d\u00fczenlenen do\u011fa y\u00fcr\u00fcy\u00fc\u015flerinin son adresi Buharkent il\u00e7esi olurken, do\u011faseverler il\u00e7enin g\u00fczelliklerini ke\u015ffetti. Ayd\u0131n B\u00fcy\u00fck\u015fehir Belediyesi taraf\u0131ndan d\u00fczenlenen trekking etkinlikleri devam ediyor. Ayd\u0131nl\u0131 do\u011faseverlerin ve sporcular\u0131n yo\u011fun ilgi g\u00f6sterdi\u011fi y\u00fcr\u00fcy\u00fc\u015flerde vatanda\u015flar, Ayd\u0131n\u2019\u0131n e\u015fsiz g\u00fczellikteki do\u011fas\u0131n\u0131, k\u00fclt\u00fcrel ve tarihi zenginliklerini ziyaret etme, yak\u0131ndan inceleme \u015fans\u0131na da eri\u015fiyor. Trekking etkinliklerinin yeni rotas\u0131 Buharkent K\u0131z\u0131ldere&#8230;<\/p>\n","protected":false},"author":1,"featured_media":81804,"comment_status":"open","ping_status":"open","sticky":false,"template":"","format":"standard","meta":{"_crdt_document":"","footnotes":""},"categories":[1],"tags":[],"class_list":["post-81803","post","type-post","status-publish","format-standard","has-post-thumbnail","hentry","category-guncel"],"_links":{"self":[{"href":"https:\/\/www.egemtv.com\/index.php?rest_route=\/wp\/v2\/posts\/81803","targetHints":{"allow":["GET"]}}],"collection":[{"href":"https:\/\/www.egemtv.com\/index.php?rest_route=\/wp\/v2\/posts"}],"about":[{"href":"https:\/\/www.egemtv.com\/index.php?rest_route=\/wp\/v2\/types\/post"}],"author":[{"embeddable":true,"href":"https:\/\/www.egemtv.com\/index.php?rest_route=\/wp\/v2\/users\/1"}],"replies":[{"embeddable":true,"href":"https:\/\/www.egemtv.com\/index.php?rest_route=%2Fwp%2Fv2%2Fcomments&post=81803"}],"version-history":[{"count":1,"href":"https:\/\/www.egemtv.com\/index.php?rest_route=\/wp\/v2\/posts\/81803\/revisions"}],"predecessor-version":[{"id":81805,"href":"https:\/\/www.egemtv.com\/index.php?rest_route=\/wp\/v2\/posts\/81803\/revisions\/81805"}],"wp:featuredmedia":[{"embeddable":true,"href":"https:\/\/www.egemtv.com\/index.php?rest_route=\/wp\/v2\/media\/81804"}],"wp:attachment":[{"href":"https:\/\/www.egemtv.com\/index.php?rest_route=%2Fwp%2Fv2%2Fmedia&parent=81803"}],"wp:term":[{"taxonomy":"category","embeddable":true,"href":"https:\/\/www.egemtv.com\/index.php?rest_route=%2Fwp%2Fv2%2Fcategories&post=81803"},{"taxonomy":"post_tag","embeddable":true,"href":"https:\/\/www.egemtv.com\/index.php?rest_route=%2Fwp%2Fv2%2Ftags&post=81803"}],"curies":[{"name":"wp","href":"https:\/\/api.w.org\/{rel}","templated":true}]}}