{"id":81800,"date":"2026-01-19T17:17:36","date_gmt":"2026-01-19T14:17:36","guid":{"rendered":"https:\/\/www.egemtv.com\/?p=81800"},"modified":"2026-01-19T17:17:37","modified_gmt":"2026-01-19T14:17:37","slug":"izmir-cumhuriyet-bassavciligindan-polis-merkezlerine-ziyaret","status":"publish","type":"post","link":"https:\/\/www.egemtv.com\/?p=81800","title":{"rendered":"\u0130zmir Cumhuriyet Ba\u015fsavc\u0131l\u0131\u011f\u0131\u2019ndan polis merkezlerine ziyaret"},"content":{"rendered":"<p>\u0130zmir Cumhuriyet Ba\u015fsavc\u0131s\u0131 Ali Yeldan, kent genelinde g\u00f6rev yapan emniyet birimlerini ziyaret ederek incelemelerde bulundu.<br \/>\n<br \/>\u0130zmir Cumhuriyet Ba\u015fsavc\u0131s\u0131 Ali Yeldan, emniyet birimlerine y\u00f6nelik ger\u00e7ekle\u015ftirdi\u011fi ziyaretler kapsam\u0131nda; G\u00fcm\u00fc\u015fpala Polis Merkezi, \u00c7amdibi \u015eehit \u0130brahim \u00dcnc\u00fc Polis Merkezi, Alsancak Polis Merkezi ve Bo\u011fazi\u00e7i Polis Merkezi Amirli\u011fi\u2019ne gitti. Ziyaretleri s\u0131ras\u0131nda personelle bir araya gelen Ba\u015fsavc\u0131 Yeldan, adli s\u00fcre\u00e7lerde emniyet birimleriyle y\u00fcr\u00fct\u00fclen koordinasyonun b\u00fcy\u00fck \u00f6nem ta\u015f\u0131d\u0131\u011f\u0131n\u0131 vurgulad\u0131. Yeldan, kamu d\u00fczeni ve g\u00fcvenli\u011finin sa\u011flanmas\u0131nda fedakarca g\u00f6rev yapan emniyet personeline \u00e7al\u0131\u015fmalar\u0131nda ba\u015far\u0131lar diledi. Sahada g\u00f6sterilen emek ve gayretin son derece k\u0131ymetli oldu\u011funu ifade eden Cumhuriyet Ba\u015fsavc\u0131s\u0131 Yeldan, \u00f6zverili \u00e7al\u0131\u015fmalar\u0131ndan dolay\u0131 t\u00fcm personele te\u015fekk\u00fcrlerini iletti.<br \/><\/p>\n","protected":false},"excerpt":{"rendered":"<p>\u0130zmir Cumhuriyet Ba\u015fsavc\u0131s\u0131 Ali Yeldan, kent genelinde g\u00f6rev yapan emniyet birimlerini ziyaret ederek incelemelerde bulundu. \u0130zmir Cumhuriyet Ba\u015fsavc\u0131s\u0131 Ali Yeldan, emniyet birimlerine y\u00f6nelik ger\u00e7ekle\u015ftirdi\u011fi ziyaretler kapsam\u0131nda; G\u00fcm\u00fc\u015fpala Polis Merkezi, \u00c7amdibi \u015eehit \u0130brahim \u00dcnc\u00fc Polis Merkezi, Alsancak Polis Merkezi ve Bo\u011fazi\u00e7i Polis Merkezi Amirli\u011fi\u2019ne gitti. Ziyaretleri s\u0131ras\u0131nda personelle bir araya gelen Ba\u015fsavc\u0131 Yeldan, adli s\u00fcre\u00e7lerde emniyet&#8230;<\/p>\n","protected":false},"author":1,"featured_media":81801,"comment_status":"open","ping_status":"open","sticky":false,"template":"","format":"standard","meta":{"_crdt_document":"","footnotes":""},"categories":[1],"tags":[],"class_list":["post-81800","post","type-post","status-publish","format-standard","has-post-thumbnail","hentry","category-guncel"],"_links":{"self":[{"href":"https:\/\/www.egemtv.com\/index.php?rest_route=\/wp\/v2\/posts\/81800","targetHints":{"allow":["GET"]}}],"collection":[{"href":"https:\/\/www.egemtv.com\/index.php?rest_route=\/wp\/v2\/posts"}],"about":[{"href":"https:\/\/www.egemtv.com\/index.php?rest_route=\/wp\/v2\/types\/post"}],"author":[{"embeddable":true,"href":"https:\/\/www.egemtv.com\/index.php?rest_route=\/wp\/v2\/users\/1"}],"replies":[{"embeddable":true,"href":"https:\/\/www.egemtv.com\/index.php?rest_route=%2Fwp%2Fv2%2Fcomments&post=81800"}],"version-history":[{"count":1,"href":"https:\/\/www.egemtv.com\/index.php?rest_route=\/wp\/v2\/posts\/81800\/revisions"}],"predecessor-version":[{"id":81802,"href":"https:\/\/www.egemtv.com\/index.php?rest_route=\/wp\/v2\/posts\/81800\/revisions\/81802"}],"wp:featuredmedia":[{"embeddable":true,"href":"https:\/\/www.egemtv.com\/index.php?rest_route=\/wp\/v2\/media\/81801"}],"wp:attachment":[{"href":"https:\/\/www.egemtv.com\/index.php?rest_route=%2Fwp%2Fv2%2Fmedia&parent=81800"}],"wp:term":[{"taxonomy":"category","embeddable":true,"href":"https:\/\/www.egemtv.com\/index.php?rest_route=%2Fwp%2Fv2%2Fcategories&post=81800"},{"taxonomy":"post_tag","embeddable":true,"href":"https:\/\/www.egemtv.com\/index.php?rest_route=%2Fwp%2Fv2%2Ftags&post=81800"}],"curies":[{"name":"wp","href":"https:\/\/api.w.org\/{rel}","templated":true}]}}