{"id":81797,"date":"2026-01-19T16:57:22","date_gmt":"2026-01-19T13:57:22","guid":{"rendered":"https:\/\/www.egemtv.com\/?p=81797"},"modified":"2026-01-19T16:57:23","modified_gmt":"2026-01-19T13:57:23","slug":"denizlili-halterci-hakan-dag-turkiye-sampiyonu","status":"publish","type":"post","link":"https:\/\/www.egemtv.com\/?p=81797","title":{"rendered":"Denizlili halterci Hakan Da\u011f T\u00fcrkiye \u015fampiyonu"},"content":{"rendered":"<p>T\u00fcrkiye Halter Federasyonu\u2019nun 2026 y\u0131l\u0131ndaki ilk organizasyonu olan Bedensel Engelliler B\u00fcy\u00fckler Kul\u00fcpler ile B\u00fcy\u00fckler-Gen\u00e7ler Ferd\u00ee T\u00fcrkiye Halter \u015eampiyonas\u0131\u2019nda Denizli\u2019yi temsil eden sporcu Hakan Da\u011f, 150 kilogram kald\u0131rarak kendi s\u0131kletinde T\u00fcrkiye \u015eampiyonu olurken, ayn\u0131 zamanda bu derecesiyle T\u00fcrkiye Rekorunu da k\u0131rd\u0131.<\/p>\n<p>T\u00fcrkiye Halter Federasyonu\u2019nun 2026 y\u0131l\u0131ndaki ilk organizasyonu olan &#8220;Bedensel Engelliler B\u00fcy\u00fckler Kul\u00fcpler ile B\u00fcy\u00fckler-Gen\u00e7ler Ferd\u00ee T\u00fcrkiye Halter \u015eampiyonas\u0131&#8221;, 16 Ocak tarihinde Ankara\u2019da Pursaklar Kapal\u0131 Spor Salonu\u2019nda ger\u00e7ekle\u015fti. \u015eampiyonada 80 kilogram kategorisinde Denizli\u2019yi temsil eden sporcu Hakan Da\u011f, b\u00fcy\u00fck bir ba\u015far\u0131ya imza att\u0131. Da\u011f, 150 kilogram kald\u0131rarak kendi s\u0131kletinde T\u00fcrkiye \u015eampiyonu olurken, ayn\u0131 zamanda bu derecesiyle T\u00fcrkiye Rekorunu da k\u0131rd\u0131. Elde etti\u011fi bu \u00f6nemli ba\u015far\u0131yla Denizli\u2019yi gururland\u0131ran Mill\u00ee sporcu Hakan Da\u011f, 2026 sezonuna zirvede ba\u015flam\u0131\u015f oldu.<\/p>\n<p>G\u00f6sterdi\u011fi azim ile \u015fampiyonada sergiledi\u011fi \u00fcst\u00fcn performans ve ba\u015far\u0131dan \u00f6t\u00fcr\u00fc sporcuyu kutlayan Gen\u00e7lik Spor \u0130l M\u00fcd\u00fcr\u00fc S\u00fcleyman Erdo\u011fan, ulusal ve uluslararas\u0131 organizasyonlarda ba\u015far\u0131lar\u0131n\u0131n devam\u0131n\u0131 diledi.<br \/><\/p>\n","protected":false},"excerpt":{"rendered":"<p>T\u00fcrkiye Halter Federasyonu\u2019nun 2026 y\u0131l\u0131ndaki ilk organizasyonu olan Bedensel Engelliler B\u00fcy\u00fckler Kul\u00fcpler ile B\u00fcy\u00fckler-Gen\u00e7ler Ferd\u00ee T\u00fcrkiye Halter \u015eampiyonas\u0131\u2019nda Denizli\u2019yi temsil eden sporcu Hakan Da\u011f, 150 kilogram kald\u0131rarak kendi s\u0131kletinde T\u00fcrkiye \u015eampiyonu olurken, ayn\u0131 zamanda bu derecesiyle T\u00fcrkiye Rekorunu da k\u0131rd\u0131. T\u00fcrkiye Halter Federasyonu\u2019nun 2026 y\u0131l\u0131ndaki ilk organizasyonu olan &#8220;Bedensel Engelliler B\u00fcy\u00fckler Kul\u00fcpler ile B\u00fcy\u00fckler-Gen\u00e7ler Ferd\u00ee&#8230;<\/p>\n","protected":false},"author":1,"featured_media":81798,"comment_status":"open","ping_status":"open","sticky":false,"template":"","format":"standard","meta":{"_crdt_document":"","footnotes":""},"categories":[4],"tags":[],"class_list":["post-81797","post","type-post","status-publish","format-standard","has-post-thumbnail","hentry","category-spor"],"_links":{"self":[{"href":"https:\/\/www.egemtv.com\/index.php?rest_route=\/wp\/v2\/posts\/81797","targetHints":{"allow":["GET"]}}],"collection":[{"href":"https:\/\/www.egemtv.com\/index.php?rest_route=\/wp\/v2\/posts"}],"about":[{"href":"https:\/\/www.egemtv.com\/index.php?rest_route=\/wp\/v2\/types\/post"}],"author":[{"embeddable":true,"href":"https:\/\/www.egemtv.com\/index.php?rest_route=\/wp\/v2\/users\/1"}],"replies":[{"embeddable":true,"href":"https:\/\/www.egemtv.com\/index.php?rest_route=%2Fwp%2Fv2%2Fcomments&post=81797"}],"version-history":[{"count":1,"href":"https:\/\/www.egemtv.com\/index.php?rest_route=\/wp\/v2\/posts\/81797\/revisions"}],"predecessor-version":[{"id":81799,"href":"https:\/\/www.egemtv.com\/index.php?rest_route=\/wp\/v2\/posts\/81797\/revisions\/81799"}],"wp:featuredmedia":[{"embeddable":true,"href":"https:\/\/www.egemtv.com\/index.php?rest_route=\/wp\/v2\/media\/81798"}],"wp:attachment":[{"href":"https:\/\/www.egemtv.com\/index.php?rest_route=%2Fwp%2Fv2%2Fmedia&parent=81797"}],"wp:term":[{"taxonomy":"category","embeddable":true,"href":"https:\/\/www.egemtv.com\/index.php?rest_route=%2Fwp%2Fv2%2Fcategories&post=81797"},{"taxonomy":"post_tag","embeddable":true,"href":"https:\/\/www.egemtv.com\/index.php?rest_route=%2Fwp%2Fv2%2Ftags&post=81797"}],"curies":[{"name":"wp","href":"https:\/\/api.w.org\/{rel}","templated":true}]}}