{"id":81794,"date":"2026-01-19T16:57:21","date_gmt":"2026-01-19T13:57:21","guid":{"rendered":"https:\/\/www.egemtv.com\/?p=81794"},"modified":"2026-01-19T16:57:22","modified_gmt":"2026-01-19T13:57:22","slug":"usakta-ev-yangini-1-olu-1-yarali","status":"publish","type":"post","link":"https:\/\/www.egemtv.com\/?p=81794","title":{"rendered":"U\u015fak\u2019ta ev yang\u0131n\u0131: 1 \u00f6l\u00fc, 1 yaral\u0131"},"content":{"rendered":"<p>U\u015fak\u2019\u0131n Ulubey il\u00e7esine ba\u011fl\u0131 \u0130nay k\u00f6y\u00fcnde \u00e7\u0131kan ev yang\u0131n\u0131nda 1 ki\u015fi hayat\u0131n\u0131 kaybederken, 1 ki\u015fi yaraland\u0131.<br \/>\n<br \/>Yang\u0131n, U\u015fak\u2019\u0131n Ulubey il\u00e7esine ba\u011fl\u0131 \u0130nay k\u00f6y\u00fcnde meydana geldi. Edinilen bilgilere g\u00f6re, Muhittin Ery\u0131lmaz (87) ile ablas\u0131 M.\u00d6\u2019n\u00fcn (93) beraber ya\u015fad\u0131\u011f\u0131 evde hen\u00fcz bilinmeyen bir nedenle yang\u0131n \u00e7\u0131kt\u0131. K\u0131sa s\u00fcrede b\u00fcy\u00fcyen alevler, evi tamamen sard\u0131.<br \/>\n<br \/>\u00c7evredeki vatanda\u015flar\u0131n durumu 112 Acil \u00c7a\u011fr\u0131 Merkezi\u2019ne bildirmesi \u00fczerine olay yerine 112 Sa\u011fl\u0131k, jandarma ve itfaiye ekipleri sevk edildi. \u0130tfaiye ekiplerince yang\u0131n s\u00f6nd\u00fcr\u00fcl\u00fcrken, evde b\u00fcy\u00fck \u00e7apta hasar meydana geldi.<br \/>\n<br \/>Yang\u0131nda hafif yan\u0131klar\u0131 olu\u015fan M.\u00d6., 112 sa\u011fl\u0131k ekiplerince \u00f6nce Ulubey Devlet Hastanesi\u2019ne, ard\u0131ndan U\u015fak E\u011fitim ve Ara\u015ft\u0131rma Hastanesi\u2019ne kald\u0131r\u0131ld\u0131.<br \/>\n<br \/>Evden \u00e7\u0131kamayan Muhittin Ery\u0131lmaz ise yanarak hayat\u0131n\u0131 kaybetti. Olay yerinde yap\u0131lan incelemelerin ard\u0131ndan Ery\u0131lmaz\u2019\u0131n cenazesi U\u015fak E\u011fitim ve Ara\u015ft\u0131rma Hastanesi morguna kald\u0131r\u0131ld\u0131.<br \/>\n<br \/>\u00d6te yandan, yang\u0131nla ilgili inceleme ba\u015flat\u0131ld\u0131\u011f\u0131 \u00f6\u011frenildi.<br \/><\/p>\n","protected":false},"excerpt":{"rendered":"<p>U\u015fak\u2019\u0131n Ulubey il\u00e7esine ba\u011fl\u0131 \u0130nay k\u00f6y\u00fcnde \u00e7\u0131kan ev yang\u0131n\u0131nda 1 ki\u015fi hayat\u0131n\u0131 kaybederken, 1 ki\u015fi yaraland\u0131. Yang\u0131n, U\u015fak\u2019\u0131n Ulubey il\u00e7esine ba\u011fl\u0131 \u0130nay k\u00f6y\u00fcnde meydana geldi. Edinilen bilgilere g\u00f6re, Muhittin Ery\u0131lmaz (87) ile ablas\u0131 M.\u00d6\u2019n\u00fcn (93) beraber ya\u015fad\u0131\u011f\u0131 evde hen\u00fcz bilinmeyen bir nedenle yang\u0131n \u00e7\u0131kt\u0131. K\u0131sa s\u00fcrede b\u00fcy\u00fcyen alevler, evi tamamen sard\u0131. \u00c7evredeki vatanda\u015flar\u0131n durumu 112&#8230;<\/p>\n","protected":false},"author":1,"featured_media":81795,"comment_status":"open","ping_status":"open","sticky":false,"template":"","format":"standard","meta":{"_crdt_document":"","footnotes":""},"categories":[5],"tags":[],"class_list":["post-81794","post","type-post","status-publish","format-standard","has-post-thumbnail","hentry","category-asayis"],"_links":{"self":[{"href":"https:\/\/www.egemtv.com\/index.php?rest_route=\/wp\/v2\/posts\/81794","targetHints":{"allow":["GET"]}}],"collection":[{"href":"https:\/\/www.egemtv.com\/index.php?rest_route=\/wp\/v2\/posts"}],"about":[{"href":"https:\/\/www.egemtv.com\/index.php?rest_route=\/wp\/v2\/types\/post"}],"author":[{"embeddable":true,"href":"https:\/\/www.egemtv.com\/index.php?rest_route=\/wp\/v2\/users\/1"}],"replies":[{"embeddable":true,"href":"https:\/\/www.egemtv.com\/index.php?rest_route=%2Fwp%2Fv2%2Fcomments&post=81794"}],"version-history":[{"count":1,"href":"https:\/\/www.egemtv.com\/index.php?rest_route=\/wp\/v2\/posts\/81794\/revisions"}],"predecessor-version":[{"id":81796,"href":"https:\/\/www.egemtv.com\/index.php?rest_route=\/wp\/v2\/posts\/81794\/revisions\/81796"}],"wp:featuredmedia":[{"embeddable":true,"href":"https:\/\/www.egemtv.com\/index.php?rest_route=\/wp\/v2\/media\/81795"}],"wp:attachment":[{"href":"https:\/\/www.egemtv.com\/index.php?rest_route=%2Fwp%2Fv2%2Fmedia&parent=81794"}],"wp:term":[{"taxonomy":"category","embeddable":true,"href":"https:\/\/www.egemtv.com\/index.php?rest_route=%2Fwp%2Fv2%2Fcategories&post=81794"},{"taxonomy":"post_tag","embeddable":true,"href":"https:\/\/www.egemtv.com\/index.php?rest_route=%2Fwp%2Fv2%2Ftags&post=81794"}],"curies":[{"name":"wp","href":"https:\/\/api.w.org\/{rel}","templated":true}]}}