{"id":81791,"date":"2026-01-19T16:54:03","date_gmt":"2026-01-19T13:54:03","guid":{"rendered":"https:\/\/www.egemtv.com\/?p=81791"},"modified":"2026-01-19T16:54:04","modified_gmt":"2026-01-19T13:54:04","slug":"ak-partiden-cigli-belediyesi-hakkinda-suc-duyurusu","status":"publish","type":"post","link":"https:\/\/www.egemtv.com\/?p=81791","title":{"rendered":"AK Parti\u2019den \u00c7i\u011fli Belediyesi hakk\u0131nda su\u00e7 duyurusu"},"content":{"rendered":"<p>AK Parti \u00c7i\u011fli \u0130l\u00e7e Ba\u015fkanl\u0131\u011f\u0131 ve belediye meclis \u00fcyeleri, \u00c7i\u011fli Belediyesi hakk\u0131nda iki ayr\u0131 konuda su\u00e7 duyurusunda bulundu. Su\u00e7 duyurusuna konu iddialar kamuoyunda uzun s\u00fcredir tart\u0131\u015f\u0131lan \u00c7aml\u0131kent Kooperatifi konutlar\u0131 ve \u015faibeli ihale s\u00fcreci oldu.<br \/>\n<br \/>\u00c7i\u011fli Belediyesinin 28 y\u0131l\u0131 a\u015fk\u0131n s\u00fcredir \u00e7\u00f6z\u00fcme kavu\u015fturamad\u0131\u011f\u0131 kat kar\u015f\u0131l\u0131\u011f\u0131 in\u015faat\/kooperatif dosyas\u0131na ili\u015fkin tart\u0131\u015fmalar s\u00fcr\u00fcyor. Yakakent Mahallesi\u2019nde m\u00fclkiyeti belediyeye ait 22169 ada 1 parselde yer alan kat kar\u015f\u0131l\u0131\u011f\u0131 al\u0131nm\u0131\u015f 154 adet ta\u015f\u0131nmazla ilgili su\u00e7 duyurusunda bulunan AK Parti \u00c7i\u011fli \u0130l\u00e7e Ba\u015fkan\u0131 Oktay \u00d6zdemir, belediyenin mevcut s\u00f6zle\u015fmeler \u00fczerinden 3. ki\u015filere haks\u0131z kazan\u00e7 sa\u011flad\u0131\u011f\u0131 iddias\u0131nda bulundu. \u00d6zdemir, bu durumun art\u0131k kanayan bir yara haline geldi\u011fini ve g\u00f6revi k\u00f6t\u00fcye kullanma \u015f\u00fcphesi do\u011furdu\u011funu ifade etti.<\/p>\n<p>\u015eaibeli ihale iddias\u0131<br \/>\n<br \/>Su\u00e7 duyurusunun ikinci ba\u015fl\u0131\u011f\u0131n\u0131 ise bir ihale s\u00fcreci olu\u015fturdu. AK Partililer, normal \u015fartlarda a\u00e7\u0131k ihale usul\u00fcyle yap\u0131lmas\u0131 gereken bir al\u0131m\u0131n, istisnai olarak kullan\u0131lan 3 teklif toplama y\u00f6ntemiyle ger\u00e7ekle\u015ftirildi\u011fini ileri s\u00fcrd\u00fc. \u00c7i\u011fli Belediyesinin, a\u011fa\u00e7 al\u0131m\u0131n\u0131 Ankara merkezli ve ge\u00e7mi\u015fte ismi \u015faibeye kar\u0131\u015fm\u0131\u015f bir firmaya verdi\u011fi idda edilirken, \u0130zmir\u2019de faaliyet g\u00f6steren \u00fcretici ve kooperatifler dururken, ihalenin adrese teslim \u015fekilde Ankara firmas\u0131na verilmesinin kamuoyunda soru i\u015faretleri olu\u015fturdu\u011funu \u00f6ne s\u00fcrd\u00fc.<br \/>\n<br \/>AK Parti \u00c7i\u011fli Belediye Meclisi Grup Ba\u015fkan Vekili \u00d6zg\u00fcr Kaner yapt\u0131\u011f\u0131 a\u00e7\u0131klamada, s\u00fcrecin sonuna kadar takip\u00e7isi olacaklar\u0131n\u0131 belirterek, &#8220;Kamu kaynaklar\u0131n\u0131n nas\u0131l ve kimlere aktar\u0131ld\u0131\u011f\u0131n\u0131 sorgulamak bizim g\u00f6revimiz. Hukuki s\u00fcreci ba\u015flatt\u0131k, yarg\u0131n\u0131n verece\u011fi karara g\u00fcveniyoruz&#8221; ifadelerini kulland\u0131.<br \/>\n<br \/>AK Parti \u00c7i\u011fli \u0130l\u00e7e Ba\u015fkanl\u0131\u011f\u0131, yap\u0131lan su\u00e7 duyurular\u0131n\u0131n ki\u015fisel de\u011fil, kamusal sorumluluk gere\u011fi oldu\u011funu vurgulayarak, \u00c7i\u011fli halk\u0131n\u0131n hakk\u0131n\u0131 savunmaya devam edeceklerini a\u00e7\u0131klad\u0131.<br \/><\/p>\n","protected":false},"excerpt":{"rendered":"<p>AK Parti \u00c7i\u011fli \u0130l\u00e7e Ba\u015fkanl\u0131\u011f\u0131 ve belediye meclis \u00fcyeleri, \u00c7i\u011fli Belediyesi hakk\u0131nda iki ayr\u0131 konuda su\u00e7 duyurusunda bulundu. Su\u00e7 duyurusuna konu iddialar kamuoyunda uzun s\u00fcredir tart\u0131\u015f\u0131lan \u00c7aml\u0131kent Kooperatifi konutlar\u0131 ve \u015faibeli ihale s\u00fcreci oldu. \u00c7i\u011fli Belediyesinin 28 y\u0131l\u0131 a\u015fk\u0131n s\u00fcredir \u00e7\u00f6z\u00fcme kavu\u015fturamad\u0131\u011f\u0131 kat kar\u015f\u0131l\u0131\u011f\u0131 in\u015faat\/kooperatif dosyas\u0131na ili\u015fkin tart\u0131\u015fmalar s\u00fcr\u00fcyor. Yakakent Mahallesi\u2019nde m\u00fclkiyeti belediyeye ait 22169&#8230;<\/p>\n","protected":false},"author":1,"featured_media":81792,"comment_status":"open","ping_status":"open","sticky":false,"template":"","format":"standard","meta":{"_crdt_document":"","footnotes":""},"categories":[127],"tags":[],"class_list":["post-81791","post","type-post","status-publish","format-standard","has-post-thumbnail","hentry","category-siyaset"],"_links":{"self":[{"href":"https:\/\/www.egemtv.com\/index.php?rest_route=\/wp\/v2\/posts\/81791","targetHints":{"allow":["GET"]}}],"collection":[{"href":"https:\/\/www.egemtv.com\/index.php?rest_route=\/wp\/v2\/posts"}],"about":[{"href":"https:\/\/www.egemtv.com\/index.php?rest_route=\/wp\/v2\/types\/post"}],"author":[{"embeddable":true,"href":"https:\/\/www.egemtv.com\/index.php?rest_route=\/wp\/v2\/users\/1"}],"replies":[{"embeddable":true,"href":"https:\/\/www.egemtv.com\/index.php?rest_route=%2Fwp%2Fv2%2Fcomments&post=81791"}],"version-history":[{"count":1,"href":"https:\/\/www.egemtv.com\/index.php?rest_route=\/wp\/v2\/posts\/81791\/revisions"}],"predecessor-version":[{"id":81793,"href":"https:\/\/www.egemtv.com\/index.php?rest_route=\/wp\/v2\/posts\/81791\/revisions\/81793"}],"wp:featuredmedia":[{"embeddable":true,"href":"https:\/\/www.egemtv.com\/index.php?rest_route=\/wp\/v2\/media\/81792"}],"wp:attachment":[{"href":"https:\/\/www.egemtv.com\/index.php?rest_route=%2Fwp%2Fv2%2Fmedia&parent=81791"}],"wp:term":[{"taxonomy":"category","embeddable":true,"href":"https:\/\/www.egemtv.com\/index.php?rest_route=%2Fwp%2Fv2%2Fcategories&post=81791"},{"taxonomy":"post_tag","embeddable":true,"href":"https:\/\/www.egemtv.com\/index.php?rest_route=%2Fwp%2Fv2%2Ftags&post=81791"}],"curies":[{"name":"wp","href":"https:\/\/api.w.org\/{rel}","templated":true}]}}