{"id":81788,"date":"2026-01-19T16:24:13","date_gmt":"2026-01-19T13:24:13","guid":{"rendered":"https:\/\/www.egemtv.com\/?p=81788"},"modified":"2026-01-19T16:24:14","modified_gmt":"2026-01-19T13:24:14","slug":"cumhurbaskani-erdogan-aydinda-milyarlarca-liralik-yatirimlarin-acilisini-yapacak","status":"publish","type":"post","link":"https:\/\/www.egemtv.com\/?p=81788","title":{"rendered":"Cumhurba\u015fkan\u0131 Erdo\u011fan, Ayd\u0131n\u2019da milyarlarca liral\u0131k yat\u0131r\u0131mlar\u0131n a\u00e7\u0131l\u0131\u015f\u0131n\u0131 yapacak"},"content":{"rendered":"<p>Cumhurba\u015fkan\u0131 ve AK Parti Genel Ba\u015fkan\u0131 Recep Tayyip Erdo\u011fan, 24 Ocak 2025 Cumartesi g\u00fcn\u00fc Ayd\u0131n\u2019da tamamlanan ve yap\u0131m\u0131 b\u00fcy\u00fck \u00f6l\u00e7\u00fcde sona eren kamu yat\u0131r\u0131mlar\u0131n\u0131n a\u00e7\u0131l\u0131\u015f\u0131n\u0131 ger\u00e7ekle\u015ftirecek. Toplu a\u00e7\u0131l\u0131\u015f t\u00f6reni, saat 13.30\u2019da Ayd\u0131n Atat\u00fcrk Kent Meydan\u0131\u2019nda yap\u0131lacak.<br \/>\n<br \/>AK Parti Ayd\u0131n \u0130l Ba\u015fkan\u0131 Mehmet Erdem taraf\u0131ndan yap\u0131lan a\u00e7\u0131klamada, Ayd\u0131n\u2019\u0131n sa\u011fl\u0131k, spor, sosyal hizmetler, g\u00fcvenlik ve kamu altyap\u0131s\u0131na \u00f6nemli katk\u0131 sa\u011flayacak yat\u0131r\u0131mlar\u0131n Cumhurba\u015fkan\u0131 Recep Tayyip Erdo\u011fan\u2019\u0131n kat\u0131l\u0131m\u0131yla hizmete al\u0131naca\u011f\u0131 bildirildi. A\u00e7\u0131l\u0131\u015f\u0131 ger\u00e7ekle\u015ftirilecek projelerin ba\u015f\u0131nda Ayd\u0131n \u015eehir Hastanesi yer al\u0131yor. 4 Kas\u0131m 2020 tarihinde yap\u0131m\u0131na ba\u015flanan hastanenin proje bedelinin, 2025 y\u0131l\u0131 rakamlar\u0131yla yakla\u015f\u0131k 65 milyar TL oldu\u011fu belirtildi. Bin 300 yatak kapasiteli Ayd\u0131n \u015eehir Hastanesi\u2019nde 4 bin 895 personelin g\u00f6rev yapaca\u011f\u0131, hastanenin haftal\u0131k 18-20 bin, ayl\u0131k ise yakla\u015f\u0131k 450 bin hastaya hizmet verece\u011fi ifade edildi.<br \/>\n<br \/>Sa\u011fl\u0131k yat\u0131r\u0131mlar\u0131 kapsam\u0131nda \u00c7ine ve Didim il\u00e7elerine kazand\u0131r\u0131lan devlet hastaneleri de a\u00e7\u0131l\u0131\u015f program\u0131nda yer al\u0131yor. 2025 y\u0131l\u0131 rakamlar\u0131yla 1 milyar 88 milyon 757 bin TL maliyetle tamamlanan 75 yatak kapasiteli \u00c7ine Devlet Hastanesi hizmete kazand\u0131r\u0131ld\u0131. Yakla\u015f\u0131k 2 milyar 800 milyon TL proje bedeline sahip, 75 yatakl\u0131 Didim Devlet Hastanesi\u2019nin de il\u00e7enin sa\u011fl\u0131k altyap\u0131s\u0131na \u00f6nemli katk\u0131 sundu\u011fu kaydedildi.<br \/>\n<br \/>Ayr\u0131ca Nazilli\u2019de Sa\u011fl\u0131kl\u0131 Hayat Merkezi, Aile Sa\u011fl\u0131\u011f\u0131 Merkezi, 112 Acil Sa\u011fl\u0131k \u0130stasyonu ile A\u011f\u0131z ve Di\u015f Sa\u011fl\u0131\u011f\u0131 Merkezi\u2019ni b\u00fcnyesinde bar\u0131nd\u0131ran sa\u011fl\u0131k kompleksi 128 milyon TL maliyetle tamamland\u0131.<br \/>\n<br \/>G\u00fcvenlik ve adalet alan\u0131ndaki yat\u0131r\u0131mlar aras\u0131nda Ayd\u0131n-\u00c7ine Cezaevi dikkat \u00e7ekiyor. 2025 y\u0131l\u0131 rakamlar\u0131yla 2 milyar 285 milyon TL maliyetle hayata ge\u00e7irilen tesis, 273 bin 446 metrekare alan \u00fczerine kuruldu. Cezaevi b\u00fcnyesinde bin 322 ki\u015fi kapasiteli L Tipi Kapal\u0131 Ceza \u0130nfaz Kurumu ile 480 ki\u015fi kapasiteli A\u00e7\u0131k Ceza \u0130nfaz Kurumu hizmet verecek.<br \/>\n<br \/>Kamu hizmet binalar\u0131 kapsam\u0131nda Karpuzlu H\u00fck\u00fcmet Kona\u011f\u0131\u2019n\u0131n 120 milyon TL proje bedeliyle, S\u00f6ke H\u00fck\u00fcmet Kona\u011f\u0131\u2019n\u0131n ise 165 milyon TL maliyetle tamamland\u0131\u011f\u0131 bildirildi.<br \/>\n<br \/>A\u00e7\u0131l\u0131\u015f kapsam\u0131nda ayr\u0131ca yap\u0131m\u0131 tamamlanan ve son a\u015famaya gelen projelere ili\u015fkin bilgiler de payla\u015f\u0131ld\u0131. Buna g\u00f6re yakla\u015f\u0131k 186 milyon TL maliyetli Ayd\u0131n Efeler Huzurevi\u2019nin fiziki ger\u00e7ekle\u015fme oran\u0131 y\u00fczde 98\u2019e ula\u015ft\u0131 ve tesisin bir ay i\u00e7inde a\u00e7\u0131lmas\u0131 planlan\u0131yor. 394 milyon TL maliyetli S\u00f6ke Spor Kompleksi\u2019nde bin ki\u015filik spor salonu ile bin 500 ki\u015filik stadyumun fiziki ger\u00e7ekle\u015fme oran\u0131 y\u00fczde 99 olarak a\u00e7\u0131kland\u0131. Efeler il\u00e7esinde 118 milyon TL maliyetli 50 ki\u015filik \u00c7ocuk Sevgi Evleri Sitesi\u2019nin bir ay i\u00e7inde hizmete girece\u011fi, 75 milyon TL maliyetli 30 ki\u015filik \u00c7ocuk Destek E\u011fitim Merkezi\u2019nin fiziki ger\u00e7ekle\u015fme oran\u0131n\u0131n y\u00fczde 98 oldu\u011fu belirtildi. K\u00f6\u015fk Engelsiz Ya\u015fam Merkezi\u2019nin ise 131 milyon TL maliyetle y\u00fczde 98 fiziki ger\u00e7ekle\u015fmeye ula\u015ft\u0131\u011f\u0131 ifade edildi.<br \/>\n<br \/>Devam eden projeler aras\u0131nda yer alan Ayd\u0131n \u0130l Emniyet M\u00fcd\u00fcrl\u00fc\u011f\u00fc Hizmet Binas\u0131\u2019n\u0131n 617 milyon TL maliyetle y\u00fczde 44 oran\u0131nda tamamland\u0131\u011f\u0131, 225 milyon TL maliyetli Adnan Menderes Stadyumu\u2019nda da fiziki ger\u00e7ekle\u015fmenin y\u00fczde 44 seviyesinde oldu\u011fu kaydedildi.<br \/>\n<br \/>AK Parti Ayd\u0131n \u0130l Ba\u015fkan\u0131 Mehmet Erdem, Ayd\u0131n\u2019da hayata ge\u00e7irilen ve hayata ge\u00e7irilecek t\u00fcm projelerin \u015fehre, hem\u015fehrilere ve \u00fclkeye hay\u0131rl\u0131 olmas\u0131n\u0131 temenni ederek Ayd\u0131n\u2019a eser ve hizmet kazand\u0131rmaya kararl\u0131l\u0131kla devam edeceklerini belirtti. Erdem, &#8220;\u015eehrimize kazand\u0131r\u0131lan ve kazand\u0131r\u0131lacak olan bu k\u0131ymetli yat\u0131r\u0131mlar\u0131n co\u015fkusunu hep birlikte ya\u015famak \u00fczere t\u00fcm hem\u015fehrilerimizi, 24 Ocak Cumartesi g\u00fcn\u00fc saat 13.30\u2019da Atat\u00fcrk Kent Meydan\u0131\u2019na, ellerinde ay-y\u0131ld\u0131zl\u0131 bayraklar\u0131m\u0131zla davet ediyoruz&#8221; ifadelerini kulland\u0131.<br \/><\/p>\n","protected":false},"excerpt":{"rendered":"<p>Cumhurba\u015fkan\u0131 ve AK Parti Genel Ba\u015fkan\u0131 Recep Tayyip Erdo\u011fan, 24 Ocak 2025 Cumartesi g\u00fcn\u00fc Ayd\u0131n\u2019da tamamlanan ve yap\u0131m\u0131 b\u00fcy\u00fck \u00f6l\u00e7\u00fcde sona eren kamu yat\u0131r\u0131mlar\u0131n\u0131n a\u00e7\u0131l\u0131\u015f\u0131n\u0131 ger\u00e7ekle\u015ftirecek. Toplu a\u00e7\u0131l\u0131\u015f t\u00f6reni, saat 13.30\u2019da Ayd\u0131n Atat\u00fcrk Kent Meydan\u0131\u2019nda yap\u0131lacak. AK Parti Ayd\u0131n \u0130l Ba\u015fkan\u0131 Mehmet Erdem taraf\u0131ndan yap\u0131lan a\u00e7\u0131klamada, Ayd\u0131n\u2019\u0131n sa\u011fl\u0131k, spor, sosyal hizmetler, g\u00fcvenlik ve kamu altyap\u0131s\u0131na&#8230;<\/p>\n","protected":false},"author":1,"featured_media":81789,"comment_status":"open","ping_status":"open","sticky":false,"template":"","format":"standard","meta":{"_crdt_document":"","footnotes":""},"categories":[1],"tags":[],"class_list":["post-81788","post","type-post","status-publish","format-standard","has-post-thumbnail","hentry","category-guncel"],"_links":{"self":[{"href":"https:\/\/www.egemtv.com\/index.php?rest_route=\/wp\/v2\/posts\/81788","targetHints":{"allow":["GET"]}}],"collection":[{"href":"https:\/\/www.egemtv.com\/index.php?rest_route=\/wp\/v2\/posts"}],"about":[{"href":"https:\/\/www.egemtv.com\/index.php?rest_route=\/wp\/v2\/types\/post"}],"author":[{"embeddable":true,"href":"https:\/\/www.egemtv.com\/index.php?rest_route=\/wp\/v2\/users\/1"}],"replies":[{"embeddable":true,"href":"https:\/\/www.egemtv.com\/index.php?rest_route=%2Fwp%2Fv2%2Fcomments&post=81788"}],"version-history":[{"count":1,"href":"https:\/\/www.egemtv.com\/index.php?rest_route=\/wp\/v2\/posts\/81788\/revisions"}],"predecessor-version":[{"id":81790,"href":"https:\/\/www.egemtv.com\/index.php?rest_route=\/wp\/v2\/posts\/81788\/revisions\/81790"}],"wp:featuredmedia":[{"embeddable":true,"href":"https:\/\/www.egemtv.com\/index.php?rest_route=\/wp\/v2\/media\/81789"}],"wp:attachment":[{"href":"https:\/\/www.egemtv.com\/index.php?rest_route=%2Fwp%2Fv2%2Fmedia&parent=81788"}],"wp:term":[{"taxonomy":"category","embeddable":true,"href":"https:\/\/www.egemtv.com\/index.php?rest_route=%2Fwp%2Fv2%2Fcategories&post=81788"},{"taxonomy":"post_tag","embeddable":true,"href":"https:\/\/www.egemtv.com\/index.php?rest_route=%2Fwp%2Fv2%2Ftags&post=81788"}],"curies":[{"name":"wp","href":"https:\/\/api.w.org\/{rel}","templated":true}]}}