{"id":81785,"date":"2026-01-19T16:24:12","date_gmt":"2026-01-19T13:24:12","guid":{"rendered":"https:\/\/www.egemtv.com\/?p=81785"},"modified":"2026-01-19T16:24:13","modified_gmt":"2026-01-19T13:24:13","slug":"mugla-buyuksehir-belediyesinde-100-yeni-memur-icin-yemin-toreni-duzenlendi","status":"publish","type":"post","link":"https:\/\/www.egemtv.com\/?p=81785","title":{"rendered":"Mu\u011fla B\u00fcy\u00fck\u015fehir Belediyesi\u2019nde 100 yeni memur i\u00e7in yemin t\u00f6reni d\u00fczenlendi"},"content":{"rendered":"<p>Mu\u011fla B\u00fcy\u00fck\u015fehir Belediyesi b\u00fcnyesinde adayl\u0131k s\u00fcre\u00e7lerini ba\u015far\u0131yla tamamlayan 100 personel, d\u00fczenlenen g\u00f6rkemli bir t\u00f6renle yemin ederek asil memurlu\u011fa atand\u0131. T\u00f6rende konu\u015fan Genel Sekreter Tayfun Y\u0131lmaz, &#8220;Giydi\u011finiz \u00fcniforma sadece bir g\u00f6rev g\u00f6stergesi de\u011fil, gerekti\u011finde can\u0131n\u0131 halk\u0131 i\u00e7in feda edebilmenin bir ni\u015fanesidir&#8221; dedi.<\/p>\n<p>T\u00fcrkan Saylan \u00c7a\u011fda\u015f Ya\u015fam Merkezi\u2019nde ger\u00e7ekle\u015ftirilen yemin t\u00f6reninde, adayl\u0131k e\u011fitimlerini ve s\u00fcre\u00e7lerini tamamlayan personeller b\u00fcy\u00fck bir heyecan ya\u015fad\u0131. Asil memurlu\u011fa \u0130tfaiye Daire Ba\u015fkanl\u0131\u011f\u0131\u2019ndan 79, Zab\u0131ta Daire Ba\u015fkanl\u0131\u011f\u0131\u2019ndan 14, sivil memur kadrolar\u0131ndan 7 olmak \u00fczere toplamda 100 personel yemin etti. T\u00f6rende konu\u015fma yapan Mu\u011fla B\u00fcy\u00fck\u015fehir Belediyesi Genel Sekreteri Tayfun Y\u0131lmaz, memuriyetin sadece bir meslek de\u011fil, b\u00fcy\u00fck bir sorumluluk oldu\u011funu vurgulad\u0131. B\u00fcy\u00fck\u015fehir Belediye Ba\u015fkan\u0131 Ahmet Aras\u2019\u0131n selamlar\u0131n\u0131 ileterek konu\u015fmas\u0131na ba\u015flayan Y\u0131lmaz, &#8220;Bug\u00fcn edece\u011finiz yeminler, sadece bir kamu g\u00f6revi \u00fcstlenmenin \u00f6tesinde; darda ve zorda kald\u0131\u011f\u0131n\u0131zda, karar verme s\u00fcre\u00e7lerinizde size her zaman yol g\u00f6sterecek bir pusulad\u0131r. Mu\u011fla B\u00fcy\u00fck\u015fehir Belediyesi ailesi olarak, ba\u015fkan\u0131m\u0131z\u0131n liderli\u011finde g\u00fcc\u00fcm\u00fcze g\u00fc\u00e7 katarak yolumuza devam ediyoruz&#8221; dedi.<\/p>\n<p>Hizmet birimlerinin \u00f6nemine de\u011finen Y\u0131lmaz, personelin \u00fcstlendi\u011fi kritik rollere dikkat \u00e7ekti. Y\u0131lmaz, &#8220;\u0130tfaiye sadece yang\u0131nda de\u011fil, t\u00fcm zor \u015fartlarda can\u0131n\u0131 hi\u00e7e sayarak vatanda\u015fa el veren bir fedakarl\u0131k noktas\u0131d\u0131r. Zab\u0131ta, kamu d\u00fczeninin sa\u011flanmas\u0131nda ve halk sa\u011fl\u0131\u011f\u0131n\u0131n korunmas\u0131nda gece g\u00fcnd\u00fcz demeden fedakarl\u0131k g\u00f6steren birimimizdir&#8221; ifadelerini kulland\u0131.<\/p>\n<p>Konu\u015fmas\u0131n\u0131n sonunda aileleri ve yeni memurlar\u0131 tebrik eden Y\u0131lmaz, &#8220;\u00c7\u0131kaca\u011f\u0131n\u0131z bu yolda her zaman vatanda\u015f\u0131n hakk\u0131n\u0131 ve hukukunu \u00f6n planda tutan, sorumluluklar\u0131n\u0131n fark\u0131nda olan \u00e7al\u0131\u015fma arkada\u015flar\u0131 olaca\u011f\u0131n\u0131zdan eminim. Yeni g\u00f6revlerinizin Mu\u011fla\u2019m\u0131za ve \u00fclkemize hay\u0131rl\u0131 olmas\u0131n\u0131 diliyorum&#8221; ifadelerini kullanarak personellere \u00e7al\u0131\u015fma hayatlar\u0131nda ba\u015far\u0131 ve kolayl\u0131klar diledi.<br \/><\/p>\n","protected":false},"excerpt":{"rendered":"<p>Mu\u011fla B\u00fcy\u00fck\u015fehir Belediyesi b\u00fcnyesinde adayl\u0131k s\u00fcre\u00e7lerini ba\u015far\u0131yla tamamlayan 100 personel, d\u00fczenlenen g\u00f6rkemli bir t\u00f6renle yemin ederek asil memurlu\u011fa atand\u0131. T\u00f6rende konu\u015fan Genel Sekreter Tayfun Y\u0131lmaz, &#8220;Giydi\u011finiz \u00fcniforma sadece bir g\u00f6rev g\u00f6stergesi de\u011fil, gerekti\u011finde can\u0131n\u0131 halk\u0131 i\u00e7in feda edebilmenin bir ni\u015fanesidir&#8221; dedi. T\u00fcrkan Saylan \u00c7a\u011fda\u015f Ya\u015fam Merkezi\u2019nde ger\u00e7ekle\u015ftirilen yemin t\u00f6reninde, adayl\u0131k e\u011fitimlerini ve s\u00fcre\u00e7lerini tamamlayan personeller&#8230;<\/p>\n","protected":false},"author":1,"featured_media":81786,"comment_status":"open","ping_status":"open","sticky":false,"template":"","format":"standard","meta":{"_crdt_document":"","footnotes":""},"categories":[1],"tags":[],"class_list":["post-81785","post","type-post","status-publish","format-standard","has-post-thumbnail","hentry","category-guncel"],"_links":{"self":[{"href":"https:\/\/www.egemtv.com\/index.php?rest_route=\/wp\/v2\/posts\/81785","targetHints":{"allow":["GET"]}}],"collection":[{"href":"https:\/\/www.egemtv.com\/index.php?rest_route=\/wp\/v2\/posts"}],"about":[{"href":"https:\/\/www.egemtv.com\/index.php?rest_route=\/wp\/v2\/types\/post"}],"author":[{"embeddable":true,"href":"https:\/\/www.egemtv.com\/index.php?rest_route=\/wp\/v2\/users\/1"}],"replies":[{"embeddable":true,"href":"https:\/\/www.egemtv.com\/index.php?rest_route=%2Fwp%2Fv2%2Fcomments&post=81785"}],"version-history":[{"count":1,"href":"https:\/\/www.egemtv.com\/index.php?rest_route=\/wp\/v2\/posts\/81785\/revisions"}],"predecessor-version":[{"id":81787,"href":"https:\/\/www.egemtv.com\/index.php?rest_route=\/wp\/v2\/posts\/81785\/revisions\/81787"}],"wp:featuredmedia":[{"embeddable":true,"href":"https:\/\/www.egemtv.com\/index.php?rest_route=\/wp\/v2\/media\/81786"}],"wp:attachment":[{"href":"https:\/\/www.egemtv.com\/index.php?rest_route=%2Fwp%2Fv2%2Fmedia&parent=81785"}],"wp:term":[{"taxonomy":"category","embeddable":true,"href":"https:\/\/www.egemtv.com\/index.php?rest_route=%2Fwp%2Fv2%2Fcategories&post=81785"},{"taxonomy":"post_tag","embeddable":true,"href":"https:\/\/www.egemtv.com\/index.php?rest_route=%2Fwp%2Fv2%2Ftags&post=81785"}],"curies":[{"name":"wp","href":"https:\/\/api.w.org\/{rel}","templated":true}]}}