{"id":81782,"date":"2026-01-19T16:24:10","date_gmt":"2026-01-19T13:24:10","guid":{"rendered":"https:\/\/www.egemtv.com\/?p=81782"},"modified":"2026-01-19T16:24:12","modified_gmt":"2026-01-19T13:24:12","slug":"incirde-verim-ve-kalite-icin-buharkentte-ornek-proje","status":"publish","type":"post","link":"https:\/\/www.egemtv.com\/?p=81782","title":{"rendered":"\u0130ncirde verim ve kalite i\u00e7in Buharkent\u2019te \u00f6rnek proje"},"content":{"rendered":"<p>Tar\u0131mda s\u00fcrd\u00fcr\u00fclebilir \u00fcretimi desteklemek, incir \u00fcreticilerine uygun fiyatl\u0131, sa\u011fl\u0131kl\u0131 ve kaliteli ilek temin etmek amac\u0131yla hayata ge\u00e7irilen 1. ve 2. Etap Buharkent \u0130lek Bah\u00e7eleri\u2019nin a\u00e7\u0131l\u0131\u015f\u0131 ger\u00e7ekle\u015ftirilecek.<\/p>\n<p>Buharkent Belediyesi \u00f6nc\u00fcl\u00fc\u011f\u00fcnde, Ayd\u0131n Valili\u011fi Yat\u0131r\u0131m \u0130zleme ve Koordinasyon Ba\u015fkanl\u0131\u011f\u0131 (Y\u0130KOB) ile Buharkent \u0130l\u00e7e Tar\u0131m M\u00fcd\u00fcrl\u00fc\u011f\u00fc i\u015f birli\u011finde kurulan 1. ve 2. Etap \u0130lek Bah\u00e7eleri, 21 Ocak 2026 \u00c7ar\u015famba g\u00fcn\u00fc saat 13.30\u2019da ger\u00e7ekle\u015ftirilecek. A\u00e7\u0131l\u0131\u015f t\u00f6reni, Feslek Mahallesi\u2019nde bulunan ilek bah\u00e7esinde Feslek \u00c7ay\u0131 DKY K\u00f6pr\u00fcs\u00fc\u2019n\u00fcn g\u00fcneyinde ger\u00e7ekle\u015ftirilecek. Ayd\u0131n\u2019da ilk olma \u00f6zelli\u011fi ta\u015f\u0131yan 1. Etap \u0130lek Bah\u00e7esi, 2025 y\u0131l\u0131nda Ortak\u00e7\u0131 Mahallesi\u2019nde 17 d\u00f6n\u00fcml\u00fck alanda 400 adet ilek fidan\u0131n\u0131n dikilmesiyle olu\u015fturuldu. D\u00fczenli bak\u0131m ve sulama \u00e7al\u0131\u015fmalar\u0131yla geli\u015fimini s\u00fcrd\u00fcren fidanlar, meyve vermeye haz\u0131r hale geldi. Projenin ikinci a\u015famas\u0131 olan 2. Etap \u0130lek Bah\u00e7esi ise Feslek Mahallesi\u2019nde 20 d\u00f6n\u00fcml\u00fck alanda 500 adet ilek fidan\u0131 dikilerek 2026 y\u0131l\u0131 Ocak ay\u0131nda tamamland\u0131. \u0130ncir \u00fcretiminde verim ve kaliteyi art\u0131rmay\u0131 hedefleyen proje ile \u00fcreticilerin ilek temininde ya\u015fad\u0131\u011f\u0131 sorunlar\u0131n azalt\u0131lmas\u0131, sa\u011fl\u0131kl\u0131 ve kontroll\u00fc ilek \u00fcretiminin yayg\u0131nla\u015ft\u0131r\u0131lmas\u0131 ama\u00e7lan\u0131yor. Projenin, Buharkent ba\u015fta olmak \u00fczere b\u00f6lge genelindeki incir \u00fcreticilerine \u00f6nemli katk\u0131 sa\u011flamas\u0131 bekleniyor.<\/p>\n<p>Buharkent Belediye Ba\u015fkan\u0131 Mehmet Erol, tar\u0131msal \u00fcretimi g\u00fc\u00e7lendirecek bu anlaml\u0131 a\u00e7\u0131l\u0131\u015fa t\u00fcm vatanda\u015flar\u0131 davet ederek, Buharkent\u2019in incirde marka de\u011ferini daha da yukar\u0131 ta\u015f\u0131yacak yat\u0131r\u0131mlar\u0131n kararl\u0131l\u0131kla s\u00fcrd\u00fcr\u00fclece\u011fi ifade etti.<br \/><\/p>\n","protected":false},"excerpt":{"rendered":"<p>Tar\u0131mda s\u00fcrd\u00fcr\u00fclebilir \u00fcretimi desteklemek, incir \u00fcreticilerine uygun fiyatl\u0131, sa\u011fl\u0131kl\u0131 ve kaliteli ilek temin etmek amac\u0131yla hayata ge\u00e7irilen 1. ve 2. Etap Buharkent \u0130lek Bah\u00e7eleri\u2019nin a\u00e7\u0131l\u0131\u015f\u0131 ger\u00e7ekle\u015ftirilecek. Buharkent Belediyesi \u00f6nc\u00fcl\u00fc\u011f\u00fcnde, Ayd\u0131n Valili\u011fi Yat\u0131r\u0131m \u0130zleme ve Koordinasyon Ba\u015fkanl\u0131\u011f\u0131 (Y\u0130KOB) ile Buharkent \u0130l\u00e7e Tar\u0131m M\u00fcd\u00fcrl\u00fc\u011f\u00fc i\u015f birli\u011finde kurulan 1. ve 2. Etap \u0130lek Bah\u00e7eleri, 21 Ocak 2026 \u00c7ar\u015famba&#8230;<\/p>\n","protected":false},"author":1,"featured_media":81783,"comment_status":"open","ping_status":"open","sticky":false,"template":"","format":"standard","meta":{"_crdt_document":"","footnotes":""},"categories":[1],"tags":[],"class_list":["post-81782","post","type-post","status-publish","format-standard","has-post-thumbnail","hentry","category-guncel"],"_links":{"self":[{"href":"https:\/\/www.egemtv.com\/index.php?rest_route=\/wp\/v2\/posts\/81782","targetHints":{"allow":["GET"]}}],"collection":[{"href":"https:\/\/www.egemtv.com\/index.php?rest_route=\/wp\/v2\/posts"}],"about":[{"href":"https:\/\/www.egemtv.com\/index.php?rest_route=\/wp\/v2\/types\/post"}],"author":[{"embeddable":true,"href":"https:\/\/www.egemtv.com\/index.php?rest_route=\/wp\/v2\/users\/1"}],"replies":[{"embeddable":true,"href":"https:\/\/www.egemtv.com\/index.php?rest_route=%2Fwp%2Fv2%2Fcomments&post=81782"}],"version-history":[{"count":1,"href":"https:\/\/www.egemtv.com\/index.php?rest_route=\/wp\/v2\/posts\/81782\/revisions"}],"predecessor-version":[{"id":81784,"href":"https:\/\/www.egemtv.com\/index.php?rest_route=\/wp\/v2\/posts\/81782\/revisions\/81784"}],"wp:featuredmedia":[{"embeddable":true,"href":"https:\/\/www.egemtv.com\/index.php?rest_route=\/wp\/v2\/media\/81783"}],"wp:attachment":[{"href":"https:\/\/www.egemtv.com\/index.php?rest_route=%2Fwp%2Fv2%2Fmedia&parent=81782"}],"wp:term":[{"taxonomy":"category","embeddable":true,"href":"https:\/\/www.egemtv.com\/index.php?rest_route=%2Fwp%2Fv2%2Fcategories&post=81782"},{"taxonomy":"post_tag","embeddable":true,"href":"https:\/\/www.egemtv.com\/index.php?rest_route=%2Fwp%2Fv2%2Ftags&post=81782"}],"curies":[{"name":"wp","href":"https:\/\/api.w.org\/{rel}","templated":true}]}}