{"id":81779,"date":"2026-01-19T16:24:09","date_gmt":"2026-01-19T13:24:09","guid":{"rendered":"https:\/\/www.egemtv.com\/?p=81779"},"modified":"2026-01-19T16:24:10","modified_gmt":"2026-01-19T13:24:10","slug":"baskan-cercioglundan-cocuklara-karne-hediyesi","status":"publish","type":"post","link":"https:\/\/www.egemtv.com\/?p=81779","title":{"rendered":"Ba\u015fkan \u00c7er\u00e7io\u011flu\u2019ndan \u00e7ocuklara karne hediyesi"},"content":{"rendered":"<p>Ayd\u0131n B\u00fcy\u00fck\u015fehir Belediye Ba\u015fkan\u0131 \u00d6zlem \u00c7er\u00e7io\u011flu, yar\u0131y\u0131l tatiline giren \u00e7ocuklar\u0131 Yar\u0131y\u0131l Karne \u015eenli\u011fi ile bir araya getirdi. \u00c7ocuklar \u015fenlikte g\u00f6n\u00fcllerince e\u011flendi, etkinliklerden duyduklar\u0131 memnuniyeti dile getiren veliler Ba\u015fkan \u00c7er\u00e7io\u011flu\u2019na te\u015fekk\u00fcr etti.<\/p>\n<p>Ayd\u0131n\u2019\u0131n Efeler il\u00e7esinde 16, 17 ve 18 Ocak tarihlerinde Tekstil Park &#8211; Fuar Ayd\u0131n\u2019da ger\u00e7ekle\u015ftirilen \u015fenlik, \u00e7ocuklar\u0131n yo\u011fun ilgisiyle kar\u015f\u0131land\u0131. E\u011flenceli etkinliklerin yer ald\u0131\u011f\u0131 \u015fenlik, renkli g\u00f6r\u00fcnt\u00fclere sahne oldu. Karne sevincini doyas\u0131ya ya\u015fayan \u00e7ocuklar, yar\u0131y\u0131l tatiline ne\u015feyle ba\u015flad\u0131. \u015eenlik program\u0131 kapsam\u0131nda; sirk ve bubble \u015fovlar\u0131, mini disko, sosis balon at\u00f6lyesi, y\u00fcz boyama etkinlikleri, \u015fi\u015fme oyun alanlar\u0131, tahta bacak, jongl\u00f6r, palya\u00e7o, akrobat ve sahne g\u00f6sterileri \u00e7ocuklarla bulu\u015fuyor. Etkinlik alanlar\u0131nda ayr\u0131ca miniklere pamuk \u015feker ve patlam\u0131\u015f m\u0131s\u0131r ikram\u0131 da yap\u0131l\u0131yor.<\/p>\n<p>\u015eenlik, yar\u0131y\u0131l tatili boyunca Ayd\u0131n\u2019\u0131n farkl\u0131 il\u00e7elerinde \u00e7ocuklarla bulu\u015fmay\u0131 s\u00fcrd\u00fcrecek. Yar\u0131y\u0131l Karne \u015eenli\u011fi, Efeler\u2019de 29, 30 ve 31 Ocak ile 1 \u015eubat tarihlerinde yine Tekstil Park &#8211; Fuar Ayd\u0131n\u2019da devam edecek. \u015eenlik daha sonra Nazilli\u2019de 19, 20 ve 21 Ocak tarihlerinde S\u00fcmer Park Kapal\u0131 Spor Salonu\u2019nda, S\u00f6ke\u2019de ise 26, 27 ve 28 Ocak tarihlerinde Cumartesi Pazar\u0131 Kapal\u0131 Pazar Yeri\u2019nde \u00e7ocuklarla bulu\u015facak. Etkinlikler, Efeler il\u00e7esinde 12.00 ile 21.00 saatleri aras\u0131nda, S\u00f6ke ve Nazilli il\u00e7elerinde ise 12.00 ile 19.00 saatleri aras\u0131nda ger\u00e7ekle\u015ftirilecek.<\/p>\n<p>Ayd\u0131n B\u00fcy\u00fck\u015fehir Belediye Ba\u015fkan\u0131 \u00d6zlem \u00c7er\u00e7io\u011flu, yar\u0131y\u0131l tatiline giren t\u00fcm \u00e7ocuklar\u0131 Yar\u0131y\u0131l Karne \u015eenli\u011fi\u2019ne davet etti. Ba\u015fkan \u00c7er\u00e7io\u011flu, &#8220;\u00c7ocuklar\u0131m\u0131z\u0131n tatil sevincini birlikte ya\u015famak, onlar\u0131n y\u00fcz\u00fcnde bir tebess\u00fcm olu\u015fturabilmek bizim i\u00e7in \u00e7ok k\u0131ymetli. T\u00fcm \u00e7ocuklar\u0131m\u0131z\u0131 aileleriyle birlikte \u015fenli\u011fimize bekliyoruz&#8221; ifadelerini kulland\u0131.<br \/><\/p>\n","protected":false},"excerpt":{"rendered":"<p>Ayd\u0131n B\u00fcy\u00fck\u015fehir Belediye Ba\u015fkan\u0131 \u00d6zlem \u00c7er\u00e7io\u011flu, yar\u0131y\u0131l tatiline giren \u00e7ocuklar\u0131 Yar\u0131y\u0131l Karne \u015eenli\u011fi ile bir araya getirdi. \u00c7ocuklar \u015fenlikte g\u00f6n\u00fcllerince e\u011flendi, etkinliklerden duyduklar\u0131 memnuniyeti dile getiren veliler Ba\u015fkan \u00c7er\u00e7io\u011flu\u2019na te\u015fekk\u00fcr etti. Ayd\u0131n\u2019\u0131n Efeler il\u00e7esinde 16, 17 ve 18 Ocak tarihlerinde Tekstil Park &#8211; Fuar Ayd\u0131n\u2019da ger\u00e7ekle\u015ftirilen \u015fenlik, \u00e7ocuklar\u0131n yo\u011fun ilgisiyle kar\u015f\u0131land\u0131. E\u011flenceli etkinliklerin yer ald\u0131\u011f\u0131&#8230;<\/p>\n","protected":false},"author":1,"featured_media":81780,"comment_status":"open","ping_status":"open","sticky":false,"template":"","format":"standard","meta":{"_crdt_document":"","footnotes":""},"categories":[1],"tags":[],"class_list":["post-81779","post","type-post","status-publish","format-standard","has-post-thumbnail","hentry","category-guncel"],"_links":{"self":[{"href":"https:\/\/www.egemtv.com\/index.php?rest_route=\/wp\/v2\/posts\/81779","targetHints":{"allow":["GET"]}}],"collection":[{"href":"https:\/\/www.egemtv.com\/index.php?rest_route=\/wp\/v2\/posts"}],"about":[{"href":"https:\/\/www.egemtv.com\/index.php?rest_route=\/wp\/v2\/types\/post"}],"author":[{"embeddable":true,"href":"https:\/\/www.egemtv.com\/index.php?rest_route=\/wp\/v2\/users\/1"}],"replies":[{"embeddable":true,"href":"https:\/\/www.egemtv.com\/index.php?rest_route=%2Fwp%2Fv2%2Fcomments&post=81779"}],"version-history":[{"count":1,"href":"https:\/\/www.egemtv.com\/index.php?rest_route=\/wp\/v2\/posts\/81779\/revisions"}],"predecessor-version":[{"id":81781,"href":"https:\/\/www.egemtv.com\/index.php?rest_route=\/wp\/v2\/posts\/81779\/revisions\/81781"}],"wp:featuredmedia":[{"embeddable":true,"href":"https:\/\/www.egemtv.com\/index.php?rest_route=\/wp\/v2\/media\/81780"}],"wp:attachment":[{"href":"https:\/\/www.egemtv.com\/index.php?rest_route=%2Fwp%2Fv2%2Fmedia&parent=81779"}],"wp:term":[{"taxonomy":"category","embeddable":true,"href":"https:\/\/www.egemtv.com\/index.php?rest_route=%2Fwp%2Fv2%2Fcategories&post=81779"},{"taxonomy":"post_tag","embeddable":true,"href":"https:\/\/www.egemtv.com\/index.php?rest_route=%2Fwp%2Fv2%2Ftags&post=81779"}],"curies":[{"name":"wp","href":"https:\/\/api.w.org\/{rel}","templated":true}]}}