{"id":81776,"date":"2026-01-19T15:55:18","date_gmt":"2026-01-19T12:55:18","guid":{"rendered":"https:\/\/www.egemtv.com\/?p=81776"},"modified":"2026-01-19T15:55:19","modified_gmt":"2026-01-19T12:55:19","slug":"nazilli-zabitasi-2026da-denetimleri-artirdi","status":"publish","type":"post","link":"https:\/\/www.egemtv.com\/?p=81776","title":{"rendered":"Nazilli zab\u0131tas\u0131 2026\u2019da denetimleri art\u0131rd\u0131"},"content":{"rendered":"<p>Nazilli Belediyesi Zab\u0131ta M\u00fcd\u00fcrl\u00fc\u011f\u00fc ekipleri yeni y\u0131lla birlikte il\u00e7e genelinde denetimlerini s\u0131kla\u015ft\u0131rd\u0131. Halk sa\u011fl\u0131\u011f\u0131n\u0131 korumak ve t\u00fcketici haklar\u0131n\u0131 g\u00fcvence alt\u0131na almak amac\u0131yla yap\u0131lan \u00e7al\u0131\u015fmalarda f\u0131r\u0131n, kahvehane, restoran ve marketler mercek alt\u0131na al\u0131nd\u0131.<br \/>\n<br \/>\u0130l\u00e7e Tar\u0131m ve Orman M\u00fcd\u00fcrl\u00fc\u011f\u00fc ile ortakla\u015fa ger\u00e7ekle\u015ftirilen denetimlerde i\u015f yerlerinin hijyen \u015fartlar\u0131, ruhsat ve izin belgeleri, fiyat etiketleri, gramaj ve son kullanma tarihleri titizlikle incelendi. \u00d6zellikle g\u0131da \u00fcretimi ve sat\u0131\u015f\u0131 yapan i\u015fletmelerde temizlik kurallar\u0131na uyulup uyulmad\u0131\u011f\u0131 kontrol edilirken, eksik ya da mevzuata ayk\u0131r\u0131 durum tespit edilen i\u015fletmelere uyar\u0131larda bulunuldu. Vatanda\u015flar\u0131n sa\u011fl\u0131kl\u0131 ve g\u00fcvenli ortamlarda al\u0131\u015fveri\u015f yapabilmesi i\u00e7in denetimlerin aral\u0131ks\u0131z s\u00fcrece\u011fini belirten Nazilli Belediye Ba\u015fkan\u0131 Dr. Ertu\u011frul Tetik, &#8220;Zab\u0131ta ekiplerimiz, ge\u00e7ti\u011fimiz y\u0131l oldu\u011fu gibi 2026 y\u0131l\u0131nda da denetimlerine devam ediyor. Bu s\u00fcre\u00e7te esnaf\u0131m\u0131z\u0131n kurallara uyma konusunda gerekli hassasiyeti g\u00f6stermesinin b\u00fcy\u00fck \u00f6nem ta\u015f\u0131d\u0131\u011f\u0131na inan\u0131yorum. Vatanda\u015flar\u0131m\u0131zdan gelen \u015fikayet ve talepleri de dikkate alarak kamu d\u00fczenini ve halk sa\u011fl\u0131\u011f\u0131n\u0131 korumaya y\u00f6nelik \u00e7al\u0131\u015fmalar\u0131m\u0131z\u0131 2026 y\u0131l\u0131 boyunca art\u0131rarak s\u00fcrd\u00fcrece\u011fiz&#8221; dedi.<br \/><\/p>\n","protected":false},"excerpt":{"rendered":"<p>Nazilli Belediyesi Zab\u0131ta M\u00fcd\u00fcrl\u00fc\u011f\u00fc ekipleri yeni y\u0131lla birlikte il\u00e7e genelinde denetimlerini s\u0131kla\u015ft\u0131rd\u0131. Halk sa\u011fl\u0131\u011f\u0131n\u0131 korumak ve t\u00fcketici haklar\u0131n\u0131 g\u00fcvence alt\u0131na almak amac\u0131yla yap\u0131lan \u00e7al\u0131\u015fmalarda f\u0131r\u0131n, kahvehane, restoran ve marketler mercek alt\u0131na al\u0131nd\u0131. \u0130l\u00e7e Tar\u0131m ve Orman M\u00fcd\u00fcrl\u00fc\u011f\u00fc ile ortakla\u015fa ger\u00e7ekle\u015ftirilen denetimlerde i\u015f yerlerinin hijyen \u015fartlar\u0131, ruhsat ve izin belgeleri, fiyat etiketleri, gramaj ve son kullanma&#8230;<\/p>\n","protected":false},"author":1,"featured_media":81777,"comment_status":"open","ping_status":"open","sticky":false,"template":"","format":"standard","meta":{"_crdt_document":"","footnotes":""},"categories":[5],"tags":[],"class_list":["post-81776","post","type-post","status-publish","format-standard","has-post-thumbnail","hentry","category-asayis"],"_links":{"self":[{"href":"https:\/\/www.egemtv.com\/index.php?rest_route=\/wp\/v2\/posts\/81776","targetHints":{"allow":["GET"]}}],"collection":[{"href":"https:\/\/www.egemtv.com\/index.php?rest_route=\/wp\/v2\/posts"}],"about":[{"href":"https:\/\/www.egemtv.com\/index.php?rest_route=\/wp\/v2\/types\/post"}],"author":[{"embeddable":true,"href":"https:\/\/www.egemtv.com\/index.php?rest_route=\/wp\/v2\/users\/1"}],"replies":[{"embeddable":true,"href":"https:\/\/www.egemtv.com\/index.php?rest_route=%2Fwp%2Fv2%2Fcomments&post=81776"}],"version-history":[{"count":1,"href":"https:\/\/www.egemtv.com\/index.php?rest_route=\/wp\/v2\/posts\/81776\/revisions"}],"predecessor-version":[{"id":81778,"href":"https:\/\/www.egemtv.com\/index.php?rest_route=\/wp\/v2\/posts\/81776\/revisions\/81778"}],"wp:featuredmedia":[{"embeddable":true,"href":"https:\/\/www.egemtv.com\/index.php?rest_route=\/wp\/v2\/media\/81777"}],"wp:attachment":[{"href":"https:\/\/www.egemtv.com\/index.php?rest_route=%2Fwp%2Fv2%2Fmedia&parent=81776"}],"wp:term":[{"taxonomy":"category","embeddable":true,"href":"https:\/\/www.egemtv.com\/index.php?rest_route=%2Fwp%2Fv2%2Fcategories&post=81776"},{"taxonomy":"post_tag","embeddable":true,"href":"https:\/\/www.egemtv.com\/index.php?rest_route=%2Fwp%2Fv2%2Ftags&post=81776"}],"curies":[{"name":"wp","href":"https:\/\/api.w.org\/{rel}","templated":true}]}}