{"id":81773,"date":"2026-01-19T15:55:17","date_gmt":"2026-01-19T12:55:17","guid":{"rendered":"https:\/\/www.egemtv.com\/?p=81773"},"modified":"2026-01-19T15:55:18","modified_gmt":"2026-01-19T12:55:18","slug":"mskuden-bagimlilikla-mucadele-alaninda-gorev-yapan-uzmanlara-egitim","status":"publish","type":"post","link":"https:\/\/www.egemtv.com\/?p=81773","title":{"rendered":"MSK\u00dc\u2019den ba\u011f\u0131ml\u0131l\u0131kla m\u00fccadele alan\u0131nda g\u00f6rev yapan uzmanlara e\u011fitim"},"content":{"rendered":"<p>MSK\u00dc ile \u0130l Sa\u011fl\u0131k M\u00fcd\u00fcrl\u00fc\u011f\u00fc aras\u0131nda imzalanan protokol kapsam\u0131nda, farkl\u0131 kurumlarda ba\u011f\u0131ml\u0131l\u0131kla m\u00fccadele alan\u0131nda g\u00f6rev yapan uzmanlara y\u00f6nelik e\u011fitim program\u0131 d\u00fczenlendi.<br \/>\n<br \/>Mu\u011fla S\u0131tk\u0131 Ko\u00e7man \u00dcniversitesi (MSK\u00dc) Rekt\u00f6rl\u00fc\u011f\u00fc koordinasyonunda, Ya\u015fam Boyu \u00d6\u011frenme Uygulama ve Ara\u015ft\u0131rma Merkezi taraf\u0131ndan d\u00fczenlenen &#8220;Ba\u011f\u0131ml\u0131l\u0131kla M\u00fccadele Alan\u0131nda G\u00f6rev Yapan Uzmanlara Y\u00f6nelik E\u011fitim Program\u0131&#8221;, 12-13 Ocak 2026 tarihlerinde MSK\u00dc Atat\u00fcrk K\u00fclt\u00fcr Merkezi\u2019nde ger\u00e7ekle\u015ftirildi.<br \/>\n<br \/>Toplumsal sorunlara duyarl\u0131, bilimsel ve kamusal fayday\u0131 \u00f6nceleyen e\u011fitim program\u0131, y\u00fcz y\u00fcze ve \u00e7evrim i\u00e7i kat\u0131l\u0131m se\u00e7enekleriyle hibrit formatta y\u00fcr\u00fct\u00fcld\u00fc.<br \/>\n<br \/>\u00dccretsiz olarak d\u00fczenlenen programa, ba\u011f\u0131ml\u0131l\u0131kla m\u00fccadele alan\u0131nda sahada aktif g\u00f6rev yapan 112 uzman kat\u0131l\u0131m sa\u011flad\u0131.<br \/>\n<br \/>E\u011fitim; Mu\u011fla \u0130l Sa\u011fl\u0131k M\u00fcd\u00fcrl\u00fc\u011f\u00fc, Mu\u011fla \u0130l Emniyet M\u00fcd\u00fcrl\u00fc\u011f\u00fc, Mu\u011fla \u0130l Jandarma Komutanl\u0131\u011f\u0131, Aile ve Sosyal Hizmetler \u0130l M\u00fcd\u00fcrl\u00fc\u011f\u00fc, Mu\u011fla Gen\u00e7lik ve Spor \u0130l M\u00fcd\u00fcrl\u00fc\u011f\u00fc, Mu\u011fla \u0130l M\u00fcft\u00fcl\u00fc\u011f\u00fc, Mu\u011fla \u0130l Mill\u00ee E\u011fitim M\u00fcd\u00fcrl\u00fc\u011f\u00fc, Ye\u015filay Mu\u011fla \u015eubesi, Ye\u015filay Dan\u0131\u015fmanl\u0131k Merkezi (YEDAM), Mu\u011fla \u00c7al\u0131\u015fma ve \u0130\u015f Kurumu \u0130l M\u00fcd\u00fcrl\u00fc\u011f\u00fc ile Mu\u011fla Sosyal Yard\u0131mla\u015fma ve Dayan\u0131\u015fma Vakf\u0131 b\u00fcnyesinde g\u00f6rev yapan profesyonelleri bir araya getirdi.<br \/>\n<br \/>E\u011fitim program\u0131 kapsam\u0131nda; ba\u011f\u0131ml\u0131l\u0131\u011f\u0131n \u00e7ok boyutlu yap\u0131s\u0131, risk gruplar\u0131yla \u00e7al\u0131\u015fma, \u00f6nleyici ve koruyucu yakla\u015f\u0131mlar, erken m\u00fcdahale s\u00fcre\u00e7leri, psikososyal destek mekanizmalar\u0131 ve kurumlar aras\u0131 i\u015f birli\u011finin g\u00fc\u00e7lendirilmesine y\u00f6nelik ba\u015fl\u0131klar ele al\u0131nd\u0131.<br \/>\n<br \/>Alan\u0131nda uzman akademisyenler ve uygulay\u0131c\u0131lar taraf\u0131ndan y\u00fcr\u00fct\u00fclen oturumlarda, kat\u0131l\u0131mc\u0131lar\u0131n mesleki deneyim payla\u015f\u0131m\u0131na imkan tan\u0131yan etkile\u015fimli bir \u00f6\u011frenme ortam\u0131 olu\u015fturuldu.<br \/>\n<br \/>Program\u0131n temel hedefi; ba\u011f\u0131ml\u0131l\u0131kla m\u00fccadele alan\u0131nda g\u00f6rev yapan uzmanlar\u0131n bilgi, fark\u0131ndal\u0131k ve uygulama becerilerini g\u00fc\u00e7lendirmek, bilimsel temelli yakla\u015f\u0131mlar\u0131 sahaya yans\u0131tmak ve yerel d\u00fczeyde s\u00fcrd\u00fcr\u00fclebilir bir m\u00fccadele anlay\u0131\u015f\u0131n\u0131 desteklemek oldu. Bu kapsamda e\u011fitim, farkl\u0131 kurumlar aras\u0131nda koordinasyonun art\u0131r\u0131lmas\u0131na ve b\u00fct\u00fcnc\u00fcl bir m\u00fccadele yakla\u015f\u0131m\u0131n\u0131n geli\u015ftirilmesine \u00f6nemli katk\u0131lar sundu.<br \/><\/p>\n","protected":false},"excerpt":{"rendered":"<p>MSK\u00dc ile \u0130l Sa\u011fl\u0131k M\u00fcd\u00fcrl\u00fc\u011f\u00fc aras\u0131nda imzalanan protokol kapsam\u0131nda, farkl\u0131 kurumlarda ba\u011f\u0131ml\u0131l\u0131kla m\u00fccadele alan\u0131nda g\u00f6rev yapan uzmanlara y\u00f6nelik e\u011fitim program\u0131 d\u00fczenlendi. Mu\u011fla S\u0131tk\u0131 Ko\u00e7man \u00dcniversitesi (MSK\u00dc) Rekt\u00f6rl\u00fc\u011f\u00fc koordinasyonunda, Ya\u015fam Boyu \u00d6\u011frenme Uygulama ve Ara\u015ft\u0131rma Merkezi taraf\u0131ndan d\u00fczenlenen &#8220;Ba\u011f\u0131ml\u0131l\u0131kla M\u00fccadele Alan\u0131nda G\u00f6rev Yapan Uzmanlara Y\u00f6nelik E\u011fitim Program\u0131&#8221;, 12-13 Ocak 2026 tarihlerinde MSK\u00dc Atat\u00fcrk K\u00fclt\u00fcr Merkezi\u2019nde ger\u00e7ekle\u015ftirildi&#8230;.<\/p>\n","protected":false},"author":1,"featured_media":81774,"comment_status":"open","ping_status":"open","sticky":false,"template":"","format":"standard","meta":{"_crdt_document":"","footnotes":""},"categories":[1],"tags":[],"class_list":["post-81773","post","type-post","status-publish","format-standard","has-post-thumbnail","hentry","category-guncel"],"_links":{"self":[{"href":"https:\/\/www.egemtv.com\/index.php?rest_route=\/wp\/v2\/posts\/81773","targetHints":{"allow":["GET"]}}],"collection":[{"href":"https:\/\/www.egemtv.com\/index.php?rest_route=\/wp\/v2\/posts"}],"about":[{"href":"https:\/\/www.egemtv.com\/index.php?rest_route=\/wp\/v2\/types\/post"}],"author":[{"embeddable":true,"href":"https:\/\/www.egemtv.com\/index.php?rest_route=\/wp\/v2\/users\/1"}],"replies":[{"embeddable":true,"href":"https:\/\/www.egemtv.com\/index.php?rest_route=%2Fwp%2Fv2%2Fcomments&post=81773"}],"version-history":[{"count":1,"href":"https:\/\/www.egemtv.com\/index.php?rest_route=\/wp\/v2\/posts\/81773\/revisions"}],"predecessor-version":[{"id":81775,"href":"https:\/\/www.egemtv.com\/index.php?rest_route=\/wp\/v2\/posts\/81773\/revisions\/81775"}],"wp:featuredmedia":[{"embeddable":true,"href":"https:\/\/www.egemtv.com\/index.php?rest_route=\/wp\/v2\/media\/81774"}],"wp:attachment":[{"href":"https:\/\/www.egemtv.com\/index.php?rest_route=%2Fwp%2Fv2%2Fmedia&parent=81773"}],"wp:term":[{"taxonomy":"category","embeddable":true,"href":"https:\/\/www.egemtv.com\/index.php?rest_route=%2Fwp%2Fv2%2Fcategories&post=81773"},{"taxonomy":"post_tag","embeddable":true,"href":"https:\/\/www.egemtv.com\/index.php?rest_route=%2Fwp%2Fv2%2Ftags&post=81773"}],"curies":[{"name":"wp","href":"https:\/\/api.w.org\/{rel}","templated":true}]}}