{"id":81770,"date":"2026-01-19T15:55:16","date_gmt":"2026-01-19T12:55:16","guid":{"rendered":"https:\/\/www.egemtv.com\/?p=81770"},"modified":"2026-01-19T15:55:17","modified_gmt":"2026-01-19T12:55:17","slug":"sehit-okan-divrik-25-yilinda-dualarla-anildi","status":"publish","type":"post","link":"https:\/\/www.egemtv.com\/?p=81770","title":{"rendered":"\u015eehit Okan Divrik, 25. y\u0131l\u0131nda dualarla an\u0131ld\u0131"},"content":{"rendered":"<p>Kayseri\u2019nin B\u00fcnyan il\u00e7esi G\u00fcldere K\u00f6y\u00fc yak\u0131nlar\u0131nda 19 Ocak 2001 tarihinde d\u00fc\u015fen Cn-235 CASA hafif nakliye u\u00e7a\u011f\u0131nda \u015fehit olan Hava Pilot \u00dcste\u011fmen Okan Divrik, ailesinin de haz\u0131r bulundu\u011fu hay\u0131r ile \u015fehadetinin 25. y\u0131l\u0131nda memleketi Manisa\u2019da dualarla an\u0131ld\u0131.<br \/>\n<br \/>Bundan 25 y\u0131l \u00f6nce Kayseri\u2019de Erkilet 12\u2019nci Hava Ula\u015ft\u0131rma Ana \u00dcs Komutanl\u0131\u011f\u0131\u2019ndan e\u011fitim u\u00e7u\u015fu i\u00e7in havalanan Cn- 235 CASA hafif askeri nakliye u\u00e7a\u011f\u0131, 19 Ocak 2001 tarihinde B\u00fcnyan il\u00e7esinin G\u00fcldere K\u00f6y\u00fc yak\u0131nlar\u0131na d\u00fc\u015fm\u00fc\u015f, Hava Pilot \u00dcste\u011fmen Okan Divrik \u015fehit olmu\u015ftu.<br \/>\n<br \/>Manisa\u2019n\u0131n \u015eehzadeler il\u00e7esinde Hava Pilot \u00dcste\u011fmen Okan Divrik \u015fehit olu\u015funun 25. y\u0131l\u0131nda, Manisa B\u00fcy\u00fck\u015fehir Belediyesi \u015eehit Yak\u0131nlar\u0131 ve Gaziler \u015eube M\u00fcd\u00fcrl\u00fc\u011f\u00fc ile T\u00fcrkiye Harp Mal\u00fcl\u00fc Gaziler \u015eehit Dul ve Yetimleri Derne\u011fi Manisa \u015eubesi organizasyonu i\u015fbirli\u011finde ger\u00e7ekle\u015ftirilen pilav hayr\u0131 ile dualarla an\u0131ld\u0131.<br \/>\n<br \/>\u015eehit Okan Divrik\u2019in \u015fehadetinin 25\u2019nci y\u0131l d\u00f6n\u00fcm\u00fcnde, babas\u0131n\u0131n Kuyumcular \u00c7ar\u015f\u0131s\u0131ndaki i\u015fyerleri \u00f6n\u00fcnde ger\u00e7ekle\u015ftirilen pilav hayr\u0131na \u015fehit babas\u0131 H\u00fcseyin Divrik, annesi Nevin Divrik, a\u011fabeyi Hakan Divrik, k\u0131z karde\u015fi Alev Divrik, \u015fehidin ad\u0131n\u0131 ta\u015f\u0131yan o\u011flu Okan Divrik ile Manisa B\u00fcy\u00fck\u015fehir Belediyesi \u015eehit Yak\u0131nlar\u0131 ve Gaziler \u015eube M\u00fcd\u00fcr vekili Sel\u00e7uk Y\u0131ld\u0131z, Yunusemre Belediye Ba\u015fkan Yard\u0131mc\u0131lar\u0131 Mesut Do\u011fan ve Emine \u00d6zge Arslan, T\u00fcrkiye Harp Mal\u00fcl\u00fc Gaziler \u015eehit Dul ve Yetimleri Derne\u011fi Manisa \u015eube Ba\u015fkan\u0131 Yusuf K\u0131y\u0131\u015fkan, \u015fehit aileleri, gaziler ile vatanda\u015flar kat\u0131ld\u0131.<br \/>\n<br \/>Okunan duan\u0131n ard\u0131ndan konu\u015fan T\u00fcrkiye Harp Mal\u00fcl\u00fc Gaziler \u015eehit Dul ve Yetimleri Derne\u011fi Manisa \u015eube Ba\u015fkan\u0131 Yusuf K\u0131y\u0131\u015fkan, &#8220;Vatan u\u011fruna g\u00f6z\u00fcn\u00fc k\u0131rpmadan can veren kahraman\u0131m\u0131z\u0131n hat\u0131ras\u0131, milletimizin vicdan\u0131nda ve kalbimizde sonsuza dek ya\u015fayacakt\u0131r. Aziz \u015fehidimize Allah\u2019tan rahmet diliyor, emanetine sahip \u00e7\u0131kaca\u011f\u0131m\u0131za bir kez daha s\u00f6z veriyoruz. Ruhu \u015fad, makam\u0131 \u00e2li, mek\u00e2n\u0131 cennet olsun.&#8221; dedi.<br \/>\n<br \/>Vatanda\u015flara pilav hayr\u0131 yap\u0131lmas\u0131 ard\u0131ndan t\u00f6rene kat\u0131lan protokol \u00fcyeleri, \u015fehidin ailesi ile birlikte Garnizon \u015eehitli\u011fini ziyaret ederek \u015eehit Okan Divrik\u2019in kabri ba\u015f\u0131nda dua okudu.<br \/><\/p>\n","protected":false},"excerpt":{"rendered":"<p>Kayseri\u2019nin B\u00fcnyan il\u00e7esi G\u00fcldere K\u00f6y\u00fc yak\u0131nlar\u0131nda 19 Ocak 2001 tarihinde d\u00fc\u015fen Cn-235 CASA hafif nakliye u\u00e7a\u011f\u0131nda \u015fehit olan Hava Pilot \u00dcste\u011fmen Okan Divrik, ailesinin de haz\u0131r bulundu\u011fu hay\u0131r ile \u015fehadetinin 25. y\u0131l\u0131nda memleketi Manisa\u2019da dualarla an\u0131ld\u0131. Bundan 25 y\u0131l \u00f6nce Kayseri\u2019de Erkilet 12\u2019nci Hava Ula\u015ft\u0131rma Ana \u00dcs Komutanl\u0131\u011f\u0131\u2019ndan e\u011fitim u\u00e7u\u015fu i\u00e7in havalanan Cn- 235 CASA&#8230;<\/p>\n","protected":false},"author":1,"featured_media":81771,"comment_status":"open","ping_status":"open","sticky":false,"template":"","format":"standard","meta":{"_crdt_document":"","footnotes":""},"categories":[123],"tags":[],"class_list":["post-81770","post","type-post","status-publish","format-standard","has-post-thumbnail","hentry","category-gundem"],"_links":{"self":[{"href":"https:\/\/www.egemtv.com\/index.php?rest_route=\/wp\/v2\/posts\/81770","targetHints":{"allow":["GET"]}}],"collection":[{"href":"https:\/\/www.egemtv.com\/index.php?rest_route=\/wp\/v2\/posts"}],"about":[{"href":"https:\/\/www.egemtv.com\/index.php?rest_route=\/wp\/v2\/types\/post"}],"author":[{"embeddable":true,"href":"https:\/\/www.egemtv.com\/index.php?rest_route=\/wp\/v2\/users\/1"}],"replies":[{"embeddable":true,"href":"https:\/\/www.egemtv.com\/index.php?rest_route=%2Fwp%2Fv2%2Fcomments&post=81770"}],"version-history":[{"count":1,"href":"https:\/\/www.egemtv.com\/index.php?rest_route=\/wp\/v2\/posts\/81770\/revisions"}],"predecessor-version":[{"id":81772,"href":"https:\/\/www.egemtv.com\/index.php?rest_route=\/wp\/v2\/posts\/81770\/revisions\/81772"}],"wp:featuredmedia":[{"embeddable":true,"href":"https:\/\/www.egemtv.com\/index.php?rest_route=\/wp\/v2\/media\/81771"}],"wp:attachment":[{"href":"https:\/\/www.egemtv.com\/index.php?rest_route=%2Fwp%2Fv2%2Fmedia&parent=81770"}],"wp:term":[{"taxonomy":"category","embeddable":true,"href":"https:\/\/www.egemtv.com\/index.php?rest_route=%2Fwp%2Fv2%2Fcategories&post=81770"},{"taxonomy":"post_tag","embeddable":true,"href":"https:\/\/www.egemtv.com\/index.php?rest_route=%2Fwp%2Fv2%2Ftags&post=81770"}],"curies":[{"name":"wp","href":"https:\/\/api.w.org\/{rel}","templated":true}]}}