{"id":81767,"date":"2026-01-19T15:55:15","date_gmt":"2026-01-19T12:55:15","guid":{"rendered":"https:\/\/www.egemtv.com\/?p=81767"},"modified":"2026-01-19T15:55:16","modified_gmt":"2026-01-19T12:55:16","slug":"manisada-otomobil-elektrik-diregine-carpti-1-olu-2-yarali","status":"publish","type":"post","link":"https:\/\/www.egemtv.com\/?p=81767","title":{"rendered":"Manisa\u2019da otomobil elektrik dire\u011fine \u00e7arpt\u0131: 1 \u00f6l\u00fc, 2 yaral\u0131"},"content":{"rendered":"<p>Manisa\u2019n\u0131n Salihli il\u00e7esinde otomobilin elektrik dire\u011fine \u00e7arpmas\u0131 sonucu 1 ki\u015fi hayat\u0131n\u0131 kaybetti, 2 ki\u015fi yaraland\u0131.<br \/>\n<br \/>Kaza, Salihli-G\u00f6lmarmara yolu \u0130tfaiye Kav\u015fa\u011f\u0131 mevkiinde meydana geldi. Edinilen bilgilere g\u00f6re, M.Y.(26) y\u00f6netimindeki 45 AFB 018 plakal\u0131 otomobil, kontrolden \u00e7\u0131karak yol kenar\u0131ndaki elektrik dire\u011fine \u00e7arpt\u0131. \u0130hbar \u00fczerine olay yerine sa\u011fl\u0131k itfaiye ve polis ekipleri sevk edildi. Sa\u011fl\u0131k ekiplerince yap\u0131lan kontrolde ara\u00e7taki H\u00fcseyin Demir\u2019in (44) olay yerinde hayat\u0131n\u0131 kaybetti\u011fi belirlendi. Kazada yaralanan s\u00fcr\u00fcc\u00fc ve yan\u0131ndaki M.C.U. (28) ise ilk m\u00fcdahalenin ard\u0131ndan ambulansla hastaneye kald\u0131r\u0131ld\u0131. Kazada \u00f6len Demir\u2019in cenazesi incelemelerin ard\u0131ndan hastane morguna kald\u0131r\u0131ld\u0131.<br \/>\n<br \/>Kazayla ilgili inceleme ba\u015flat\u0131l\u0131rken tedavisi tamamlanan s\u00fcr\u00fcc\u00fcn\u00fcn g\u00f6zalt\u0131na al\u0131nd\u0131\u011f\u0131 \u00f6\u011frenildi.<br \/><\/p>\n","protected":false},"excerpt":{"rendered":"<p>Manisa\u2019n\u0131n Salihli il\u00e7esinde otomobilin elektrik dire\u011fine \u00e7arpmas\u0131 sonucu 1 ki\u015fi hayat\u0131n\u0131 kaybetti, 2 ki\u015fi yaraland\u0131. Kaza, Salihli-G\u00f6lmarmara yolu \u0130tfaiye Kav\u015fa\u011f\u0131 mevkiinde meydana geldi. Edinilen bilgilere g\u00f6re, M.Y.(26) y\u00f6netimindeki 45 AFB 018 plakal\u0131 otomobil, kontrolden \u00e7\u0131karak yol kenar\u0131ndaki elektrik dire\u011fine \u00e7arpt\u0131. \u0130hbar \u00fczerine olay yerine sa\u011fl\u0131k itfaiye ve polis ekipleri sevk edildi. Sa\u011fl\u0131k ekiplerince yap\u0131lan kontrolde&#8230;<\/p>\n","protected":false},"author":1,"featured_media":81768,"comment_status":"open","ping_status":"open","sticky":false,"template":"","format":"standard","meta":{"_crdt_document":"","footnotes":""},"categories":[5],"tags":[],"class_list":["post-81767","post","type-post","status-publish","format-standard","has-post-thumbnail","hentry","category-asayis"],"_links":{"self":[{"href":"https:\/\/www.egemtv.com\/index.php?rest_route=\/wp\/v2\/posts\/81767","targetHints":{"allow":["GET"]}}],"collection":[{"href":"https:\/\/www.egemtv.com\/index.php?rest_route=\/wp\/v2\/posts"}],"about":[{"href":"https:\/\/www.egemtv.com\/index.php?rest_route=\/wp\/v2\/types\/post"}],"author":[{"embeddable":true,"href":"https:\/\/www.egemtv.com\/index.php?rest_route=\/wp\/v2\/users\/1"}],"replies":[{"embeddable":true,"href":"https:\/\/www.egemtv.com\/index.php?rest_route=%2Fwp%2Fv2%2Fcomments&post=81767"}],"version-history":[{"count":1,"href":"https:\/\/www.egemtv.com\/index.php?rest_route=\/wp\/v2\/posts\/81767\/revisions"}],"predecessor-version":[{"id":81769,"href":"https:\/\/www.egemtv.com\/index.php?rest_route=\/wp\/v2\/posts\/81767\/revisions\/81769"}],"wp:featuredmedia":[{"embeddable":true,"href":"https:\/\/www.egemtv.com\/index.php?rest_route=\/wp\/v2\/media\/81768"}],"wp:attachment":[{"href":"https:\/\/www.egemtv.com\/index.php?rest_route=%2Fwp%2Fv2%2Fmedia&parent=81767"}],"wp:term":[{"taxonomy":"category","embeddable":true,"href":"https:\/\/www.egemtv.com\/index.php?rest_route=%2Fwp%2Fv2%2Fcategories&post=81767"},{"taxonomy":"post_tag","embeddable":true,"href":"https:\/\/www.egemtv.com\/index.php?rest_route=%2Fwp%2Fv2%2Ftags&post=81767"}],"curies":[{"name":"wp","href":"https:\/\/api.w.org\/{rel}","templated":true}]}}