{"id":81764,"date":"2026-01-19T15:35:36","date_gmt":"2026-01-19T12:35:36","guid":{"rendered":"https:\/\/www.egemtv.com\/?p=81764"},"modified":"2026-01-19T15:35:37","modified_gmt":"2026-01-19T12:35:37","slug":"aydinda-uyusturucu-operasyonu","status":"publish","type":"post","link":"https:\/\/www.egemtv.com\/?p=81764","title":{"rendered":"Ayd\u0131n\u2019da uyu\u015fturucu operasyonu"},"content":{"rendered":"<p>Ayd\u0131n\u2019\u0131n Nazilli il\u00e7esinde yap\u0131lan uyu\u015fturucu operasyonunda 1 \u015f\u00fcpheli yakaland\u0131.<\/p>\n<p>Olay, Nazilli il\u00e7esi Dereba\u015f\u0131 Mahallesi\u2019nde meydana geldi. Edinilen bilgiye g\u00f6re jandarma ekiplerince uyu\u015fturucu madde imal ve ticaretine y\u00f6nelik yap\u0131lan \u00e7al\u0131\u015fmalar kapsam\u0131nda operasyon ger\u00e7ekle\u015ftirildi. Y.Y. (49) isimli \u015fahs\u0131n ikametinde yap\u0131lan adli aramada, 502 gram kubar esrar ile 1 adet hassas terazi ele ge\u00e7irildi. Olayla ilgili yakalanan \u015f\u00fcpheli \u015fah\u0131s hakk\u0131nda adli i\u015flem ba\u015flat\u0131ld\u0131.<br \/><\/p>\n","protected":false},"excerpt":{"rendered":"<p>Ayd\u0131n\u2019\u0131n Nazilli il\u00e7esinde yap\u0131lan uyu\u015fturucu operasyonunda 1 \u015f\u00fcpheli yakaland\u0131. Olay, Nazilli il\u00e7esi Dereba\u015f\u0131 Mahallesi\u2019nde meydana geldi. Edinilen bilgiye g\u00f6re jandarma ekiplerince uyu\u015fturucu madde imal ve ticaretine y\u00f6nelik yap\u0131lan \u00e7al\u0131\u015fmalar kapsam\u0131nda operasyon ger\u00e7ekle\u015ftirildi. Y.Y. (49) isimli \u015fahs\u0131n ikametinde yap\u0131lan adli aramada, 502 gram kubar esrar ile 1 adet hassas terazi ele ge\u00e7irildi. Olayla ilgili yakalanan \u015f\u00fcpheli&#8230;<\/p>\n","protected":false},"author":1,"featured_media":81765,"comment_status":"open","ping_status":"open","sticky":false,"template":"","format":"standard","meta":{"_crdt_document":"","footnotes":""},"categories":[5],"tags":[],"class_list":["post-81764","post","type-post","status-publish","format-standard","has-post-thumbnail","hentry","category-asayis"],"_links":{"self":[{"href":"https:\/\/www.egemtv.com\/index.php?rest_route=\/wp\/v2\/posts\/81764","targetHints":{"allow":["GET"]}}],"collection":[{"href":"https:\/\/www.egemtv.com\/index.php?rest_route=\/wp\/v2\/posts"}],"about":[{"href":"https:\/\/www.egemtv.com\/index.php?rest_route=\/wp\/v2\/types\/post"}],"author":[{"embeddable":true,"href":"https:\/\/www.egemtv.com\/index.php?rest_route=\/wp\/v2\/users\/1"}],"replies":[{"embeddable":true,"href":"https:\/\/www.egemtv.com\/index.php?rest_route=%2Fwp%2Fv2%2Fcomments&post=81764"}],"version-history":[{"count":1,"href":"https:\/\/www.egemtv.com\/index.php?rest_route=\/wp\/v2\/posts\/81764\/revisions"}],"predecessor-version":[{"id":81766,"href":"https:\/\/www.egemtv.com\/index.php?rest_route=\/wp\/v2\/posts\/81764\/revisions\/81766"}],"wp:featuredmedia":[{"embeddable":true,"href":"https:\/\/www.egemtv.com\/index.php?rest_route=\/wp\/v2\/media\/81765"}],"wp:attachment":[{"href":"https:\/\/www.egemtv.com\/index.php?rest_route=%2Fwp%2Fv2%2Fmedia&parent=81764"}],"wp:term":[{"taxonomy":"category","embeddable":true,"href":"https:\/\/www.egemtv.com\/index.php?rest_route=%2Fwp%2Fv2%2Fcategories&post=81764"},{"taxonomy":"post_tag","embeddable":true,"href":"https:\/\/www.egemtv.com\/index.php?rest_route=%2Fwp%2Fv2%2Ftags&post=81764"}],"curies":[{"name":"wp","href":"https:\/\/api.w.org\/{rel}","templated":true}]}}