{"id":81761,"date":"2026-01-19T15:35:35","date_gmt":"2026-01-19T12:35:35","guid":{"rendered":"https:\/\/www.egemtv.com\/?p=81761"},"modified":"2026-01-19T15:35:36","modified_gmt":"2026-01-19T12:35:36","slug":"mugla-buyuksehir-mentesede-yol-yatirimlarini-araliksiz-surduruyor","status":"publish","type":"post","link":"https:\/\/www.egemtv.com\/?p=81761","title":{"rendered":"Mu\u011fla B\u00fcy\u00fck\u015fehir, Mente\u015fe\u2019de yol yat\u0131r\u0131mlar\u0131n\u0131 aral\u0131ks\u0131z s\u00fcrd\u00fcr\u00fcyor"},"content":{"rendered":"<p>Mu\u011fla B\u00fcy\u00fck\u015fehir Belediyesi, Mente\u015fe il\u00e7esinde K\u00f6tekli ve Yenik\u00f6y mahallelerinde y\u00fcr\u00fctt\u00fc\u011f\u00fc 502 milyon 28 bin TL\u2019lik b\u00fcy\u00fck yol yat\u0131r\u0131mlar\u0131na ek olarak, il\u00e7e merkezinde 3 ayr\u0131 noktada toplam 51 milyon 170 bin TL tutar\u0131nda s\u0131cak asfalt ve kald\u0131r\u0131m \u00e7al\u0131\u015fmalar\u0131n\u0131 s\u00fcrd\u00fcr\u00fcyor.<br \/>\n<br \/>\u00d6zer T\u00fcrk Caddesinde yol yenilendi<br \/>\n<br \/>Mente\u015fe Belediyesi ile koordineli \u015fekilde y\u00fcr\u00fct\u00fclen \u00e7al\u0131\u015fmalar kapsam\u0131nda Emirbeyaz\u0131t Mahallesi \u00d6zer T\u00fcrk Caddesi\u2019nde ba\u015flat\u0131lan s\u0131cak asfalt \u00e7al\u0131\u015fmas\u0131 tamamland\u0131. \u00c7al\u0131\u015fmayla birlikte yol daha g\u00fcvenli ve konforlu hale getirildi.<br \/>\n<br \/>K\u00f6tekli ve Yenik\u00f6y\u2019de 502 Milyon TL\u2019lik dev yat\u0131r\u0131m<br \/>\n<br \/>B\u00fcy\u00fck\u015fehir Belediyesi taraf\u0131ndan Mente\u015fe\u2019nin K\u00f6tekli ve Yenik\u00f6y mahallelerinde ba\u015flat\u0131lan, altyap\u0131dan \u00fcstyap\u0131ya uzanan 502 milyon 28 bin TL\u2019lik yol yat\u0131r\u0131m\u0131 kapsam\u0131nda \u00e7al\u0131\u015fmalar aral\u0131ks\u0131z devam ediyor. Proje ile b\u00f6lgede uzun y\u0131llar boyunca g\u00fcvenli ve konforlu ula\u015f\u0131m sa\u011flanmas\u0131 hedefleniyor.<br \/>\n<br \/>Kolejler b\u00f6lgesinde \u00e7al\u0131\u015fmalar devam ediyor<br \/>\n<br \/>Kolejler b\u00f6lgesinde yer alan 10, 11, 12, 14, 15, 24 ve 25\u2019nci sokaklarda zemin d\u00fczenleme, plentmiks temel serimi, s\u0131cak asfalt kaplama ve kald\u0131r\u0131m imalatlar\u0131 s\u00fcr\u00fcyor. B\u00f6lgedeki \u00e7al\u0131\u015fmalar\u0131n k\u0131sa s\u00fcrede tamamlanmas\u0131 planlan\u0131yor.<br \/>\n<br \/>Atat\u00fcrk Bulvar\u0131 daha konforlu hale gelecek<br \/>\n<br \/>Mu\u011fla B\u00fcy\u00fck\u015fehir Belediyesi, kendi sorumluluk alan\u0131nda bulunan Atat\u00fcrk Bulvar\u0131nda da s\u0131cak asfalt \u00e7al\u0131\u015fmas\u0131 ger\u00e7ekle\u015ftirecek. Yap\u0131lacak \u00e7al\u0131\u015fmayla bulvar\u0131n ula\u015f\u0131m kalitesinin art\u0131r\u0131lmas\u0131 ama\u00e7lan\u0131yor.<br \/>\n<br \/>Ba\u015fkan Aras: &#8220;Ula\u015f\u0131m\u0131 g\u00fc\u00e7lendiren yat\u0131r\u0131mlar\u0131m\u0131za kararl\u0131l\u0131kla devam ediyoruz&#8221;<br \/>\n<br \/>K\u0131y\u0131 Ege Belediyeler Birli\u011fi ve Mu\u011fla B\u00fcy\u00fck\u015fehir Belediye Ba\u015fkan\u0131 Ahmet Aras, &#8220;Mu\u011fla\u2019m\u0131z\u0131n merkezinden k\u0131rsal mahallelerine kadar ula\u015f\u0131m altyap\u0131s\u0131n\u0131 g\u00fc\u00e7lendirmek i\u00e7in yat\u0131r\u0131mlar\u0131m\u0131z\u0131 aral\u0131ks\u0131z s\u00fcrd\u00fcr\u00fcyoruz. Mente\u015fe il\u00e7emizde K\u00f6tekli ve Yenik\u00f6y mahallelerinde hayata ge\u00e7irdi\u011fimiz b\u00fcy\u00fck \u00f6l\u00e7ekli yol yat\u0131r\u0131mlar\u0131n\u0131n yan\u0131 s\u0131ra il\u00e7e merkezinde ger\u00e7ekle\u015ftirdi\u011fimiz s\u0131cak asfalt ve kald\u0131r\u0131m \u00e7al\u0131\u015fmalar\u0131yla vatanda\u015flar\u0131m\u0131z\u0131n g\u00fcnl\u00fck ya\u015fam\u0131n\u0131 kolayla\u015ft\u0131r\u0131yoruz&#8221; dedi.<br \/>\n<br \/>Yat\u0131r\u0131mlar\u0131n planl\u0131 ve koordineli \u015fekilde y\u00fcr\u00fct\u00fcld\u00fc\u011f\u00fcn\u00fc vurgulayan Ba\u015fkan Aras, &#8220;Belediyelerimizle i\u015f birli\u011fi i\u00e7inde, altyap\u0131dan \u00fcstyap\u0131ya kadar kal\u0131c\u0131 ve uzun \u00f6m\u00fcrl\u00fc \u00e7\u00f6z\u00fcmler \u00fcretiyoruz. Amac\u0131m\u0131z, hem\u015fehrilerimize daha g\u00fcvenli, konforlu ve \u00e7a\u011fda\u015f bir ula\u015f\u0131m a\u011f\u0131 sunmak. 2025 y\u0131l\u0131nda 2 milyar 86 milyon TL\u2019lik yat\u0131r\u0131mla 236 bin 800 metre yeni yol yap\u0131m\u0131 ile 440 bin metre yol bak\u0131m ve onar\u0131m \u00e7al\u0131\u015fmas\u0131n\u0131 tamamlad\u0131k. 2026 y\u0131l\u0131nda ise 4 milyar 150 milyon TL\u2019lik b\u00fct\u00e7eyle 521 bin metrenin \u00fczerinde yol \u00e7al\u0131\u015fmas\u0131n\u0131 hayata ge\u00e7irmeyi planl\u0131yoruz. Bu do\u011frultuda Mu\u011fla\u2019n\u0131n her il\u00e7esinde yol yat\u0131r\u0131mlar\u0131m\u0131za kararl\u0131l\u0131kla devam edece\u011fiz&#8221; dedi.<br \/><\/p>\n","protected":false},"excerpt":{"rendered":"<p>Mu\u011fla B\u00fcy\u00fck\u015fehir Belediyesi, Mente\u015fe il\u00e7esinde K\u00f6tekli ve Yenik\u00f6y mahallelerinde y\u00fcr\u00fctt\u00fc\u011f\u00fc 502 milyon 28 bin TL\u2019lik b\u00fcy\u00fck yol yat\u0131r\u0131mlar\u0131na ek olarak, il\u00e7e merkezinde 3 ayr\u0131 noktada toplam 51 milyon 170 bin TL tutar\u0131nda s\u0131cak asfalt ve kald\u0131r\u0131m \u00e7al\u0131\u015fmalar\u0131n\u0131 s\u00fcrd\u00fcr\u00fcyor. \u00d6zer T\u00fcrk Caddesinde yol yenilendi Mente\u015fe Belediyesi ile koordineli \u015fekilde y\u00fcr\u00fct\u00fclen \u00e7al\u0131\u015fmalar kapsam\u0131nda Emirbeyaz\u0131t Mahallesi \u00d6zer T\u00fcrk&#8230;<\/p>\n","protected":false},"author":1,"featured_media":81762,"comment_status":"open","ping_status":"open","sticky":false,"template":"","format":"standard","meta":{"_crdt_document":"","footnotes":""},"categories":[125],"tags":[],"class_list":["post-81761","post","type-post","status-publish","format-standard","has-post-thumbnail","hentry","category-ekonomi"],"_links":{"self":[{"href":"https:\/\/www.egemtv.com\/index.php?rest_route=\/wp\/v2\/posts\/81761","targetHints":{"allow":["GET"]}}],"collection":[{"href":"https:\/\/www.egemtv.com\/index.php?rest_route=\/wp\/v2\/posts"}],"about":[{"href":"https:\/\/www.egemtv.com\/index.php?rest_route=\/wp\/v2\/types\/post"}],"author":[{"embeddable":true,"href":"https:\/\/www.egemtv.com\/index.php?rest_route=\/wp\/v2\/users\/1"}],"replies":[{"embeddable":true,"href":"https:\/\/www.egemtv.com\/index.php?rest_route=%2Fwp%2Fv2%2Fcomments&post=81761"}],"version-history":[{"count":1,"href":"https:\/\/www.egemtv.com\/index.php?rest_route=\/wp\/v2\/posts\/81761\/revisions"}],"predecessor-version":[{"id":81763,"href":"https:\/\/www.egemtv.com\/index.php?rest_route=\/wp\/v2\/posts\/81761\/revisions\/81763"}],"wp:featuredmedia":[{"embeddable":true,"href":"https:\/\/www.egemtv.com\/index.php?rest_route=\/wp\/v2\/media\/81762"}],"wp:attachment":[{"href":"https:\/\/www.egemtv.com\/index.php?rest_route=%2Fwp%2Fv2%2Fmedia&parent=81761"}],"wp:term":[{"taxonomy":"category","embeddable":true,"href":"https:\/\/www.egemtv.com\/index.php?rest_route=%2Fwp%2Fv2%2Fcategories&post=81761"},{"taxonomy":"post_tag","embeddable":true,"href":"https:\/\/www.egemtv.com\/index.php?rest_route=%2Fwp%2Fv2%2Ftags&post=81761"}],"curies":[{"name":"wp","href":"https:\/\/api.w.org\/{rel}","templated":true}]}}