{"id":81758,"date":"2026-01-19T15:17:58","date_gmt":"2026-01-19T12:17:58","guid":{"rendered":"https:\/\/www.egemtv.com\/?p=81758"},"modified":"2026-01-19T15:17:59","modified_gmt":"2026-01-19T12:17:59","slug":"kocarlida-umitler-judo-il-secmeleri-tamamlandi","status":"publish","type":"post","link":"https:\/\/www.egemtv.com\/?p=81758","title":{"rendered":"Ko\u00e7arl\u0131\u2019da \u00dcmitler Judo \u0130l Se\u00e7meleri tamamland\u0131"},"content":{"rendered":"<p>Ayd\u0131n\u2019\u0131n Ko\u00e7arl\u0131 il\u00e7esinde \u00dcmitler K\u0131z-Erkek T\u00fcrkiye \u015eampiyonas\u0131 Judo \u0130l Se\u00e7meleri m\u00fcsabakalar\u0131 ger\u00e7ekle\u015ftirildi.<\/p>\n<p>Ayd\u0131n Gen\u00e7lik ve Spor \u0130l M\u00fcd\u00fcrl\u00fc\u011f\u00fc koordinesinde d\u00fczenlenen il se\u00e7melerinde, sporcular T\u00fcrkiye \u015eampiyonas\u0131\u2019na kat\u0131labilmek i\u00e7in minderde k\u0131yas\u0131ya m\u00fccadele etti. Farkl\u0131 kilo kategorilerinde ger\u00e7ekle\u015ftirilen m\u00fcsabakalarda judocular, sergiledikleri performanslarla izleyenlerden alk\u0131\u015f ald\u0131. M\u00fcsabakalar sonunda dereceye giren sporcular belirlenirken, ba\u015far\u0131l\u0131 olan judocular\u0131n T\u00fcrkiye \u015eampiyonas\u0131\u2019nda Ayd\u0131n\u2019\u0131 temsil edece\u011fi bildirildi.<\/p>\n<p>Ayd\u0131n Gen\u00e7lik ve Spor \u0130l M\u00fcd\u00fcr\u00fc Serhat Y\u0131\u011fmatepe il se\u00e7melerine kat\u0131lan t\u00fcm sporcular tebrik ederek, dereceye giren sporculara T\u00fcrkiye \u015eampiyonas\u0131\u2019nda ba\u015far\u0131lar diledi.<br \/><\/p>\n","protected":false},"excerpt":{"rendered":"<p>Ayd\u0131n\u2019\u0131n Ko\u00e7arl\u0131 il\u00e7esinde \u00dcmitler K\u0131z-Erkek T\u00fcrkiye \u015eampiyonas\u0131 Judo \u0130l Se\u00e7meleri m\u00fcsabakalar\u0131 ger\u00e7ekle\u015ftirildi. Ayd\u0131n Gen\u00e7lik ve Spor \u0130l M\u00fcd\u00fcrl\u00fc\u011f\u00fc koordinesinde d\u00fczenlenen il se\u00e7melerinde, sporcular T\u00fcrkiye \u015eampiyonas\u0131\u2019na kat\u0131labilmek i\u00e7in minderde k\u0131yas\u0131ya m\u00fccadele etti. Farkl\u0131 kilo kategorilerinde ger\u00e7ekle\u015ftirilen m\u00fcsabakalarda judocular, sergiledikleri performanslarla izleyenlerden alk\u0131\u015f ald\u0131. M\u00fcsabakalar sonunda dereceye giren sporcular belirlenirken, ba\u015far\u0131l\u0131 olan judocular\u0131n T\u00fcrkiye \u015eampiyonas\u0131\u2019nda Ayd\u0131n\u2019\u0131 temsil&#8230;<\/p>\n","protected":false},"author":1,"featured_media":81759,"comment_status":"open","ping_status":"open","sticky":false,"template":"","format":"standard","meta":{"_crdt_document":"","footnotes":""},"categories":[4],"tags":[],"class_list":["post-81758","post","type-post","status-publish","format-standard","has-post-thumbnail","hentry","category-spor"],"_links":{"self":[{"href":"https:\/\/www.egemtv.com\/index.php?rest_route=\/wp\/v2\/posts\/81758","targetHints":{"allow":["GET"]}}],"collection":[{"href":"https:\/\/www.egemtv.com\/index.php?rest_route=\/wp\/v2\/posts"}],"about":[{"href":"https:\/\/www.egemtv.com\/index.php?rest_route=\/wp\/v2\/types\/post"}],"author":[{"embeddable":true,"href":"https:\/\/www.egemtv.com\/index.php?rest_route=\/wp\/v2\/users\/1"}],"replies":[{"embeddable":true,"href":"https:\/\/www.egemtv.com\/index.php?rest_route=%2Fwp%2Fv2%2Fcomments&post=81758"}],"version-history":[{"count":1,"href":"https:\/\/www.egemtv.com\/index.php?rest_route=\/wp\/v2\/posts\/81758\/revisions"}],"predecessor-version":[{"id":81760,"href":"https:\/\/www.egemtv.com\/index.php?rest_route=\/wp\/v2\/posts\/81758\/revisions\/81760"}],"wp:featuredmedia":[{"embeddable":true,"href":"https:\/\/www.egemtv.com\/index.php?rest_route=\/wp\/v2\/media\/81759"}],"wp:attachment":[{"href":"https:\/\/www.egemtv.com\/index.php?rest_route=%2Fwp%2Fv2%2Fmedia&parent=81758"}],"wp:term":[{"taxonomy":"category","embeddable":true,"href":"https:\/\/www.egemtv.com\/index.php?rest_route=%2Fwp%2Fv2%2Fcategories&post=81758"},{"taxonomy":"post_tag","embeddable":true,"href":"https:\/\/www.egemtv.com\/index.php?rest_route=%2Fwp%2Fv2%2Ftags&post=81758"}],"curies":[{"name":"wp","href":"https:\/\/api.w.org\/{rel}","templated":true}]}}