{"id":81755,"date":"2026-01-19T15:17:57","date_gmt":"2026-01-19T12:17:57","guid":{"rendered":"https:\/\/www.egemtv.com\/?p=81755"},"modified":"2026-01-19T15:17:58","modified_gmt":"2026-01-19T12:17:58","slug":"manisada-elektrikli-araclar-icin-guclu-altyapi","status":"publish","type":"post","link":"https:\/\/www.egemtv.com\/?p=81755","title":{"rendered":"Manisa\u2019da elektrikli ara\u00e7lar i\u00e7in g\u00fc\u00e7l\u00fc altyap\u0131"},"content":{"rendered":"<p>Manisa B\u00fcy\u00fck\u015fehir Belediyesi\u2019nin i\u015ftiraki Manisa Enerji A.\u015e. taraf\u0131ndan kurulan elektrikli ara\u00e7 \u015farj istasyonlar\u0131yla kentte \u00e7evre dostu, g\u00fcvenli ve eri\u015filebilir ula\u015f\u0131m altyap\u0131s\u0131 h\u0131zla yayg\u0131nla\u015f\u0131yor.<br \/>\n<br \/>Manisa B\u00fcy\u00fck\u015fehir Belediyesi, s\u00fcrd\u00fcr\u00fclebilir ve \u00e7evre dostu ula\u015f\u0131m hedefleri do\u011frultusunda elektrikli ara\u00e7 \u015farj altyap\u0131s\u0131na y\u00f6nelik yat\u0131r\u0131mlar\u0131n\u0131 aral\u0131ks\u0131z s\u00fcrd\u00fcr\u00fcyor. B\u00fcy\u00fck\u015fehir Belediyesi i\u015ftiraki Manisa Enerji Sanayi ve Ticaret A.\u015e. taraf\u0131ndan kent genelinde kurulan elektrikli ara\u00e7 \u015farj istasyonlar\u0131yla, vatanda\u015flar\u0131n temiz ve g\u00fcvenli enerjiye eri\u015fimi kolayla\u015ft\u0131r\u0131l\u0131yor.<br \/>\n<br \/>\u015eehrin farkl\u0131 noktalar\u0131na yerle\u015ftirilen yeni nesil \u015farj istasyonlar\u0131 sayesinde elektrikli ara\u00e7 kullan\u0131c\u0131lar\u0131 ara\u00e7lar\u0131n\u0131 daha h\u0131zl\u0131 ve pratik \u015fekilde \u015farj edebilirken, karbon sal\u0131n\u0131m\u0131n\u0131n azalt\u0131lmas\u0131na da \u00f6nemli katk\u0131 sa\u011flan\u0131yor. Yap\u0131lan yat\u0131r\u0131mlar yaln\u0131zca bug\u00fcn\u00fcn ihtiya\u00e7lar\u0131n\u0131 kar\u015f\u0131lamakla kalm\u0131yor, ayn\u0131 zamanda Manisa\u2019n\u0131n gelece\u011fin ula\u015f\u0131m altyap\u0131s\u0131na haz\u0131rlanmas\u0131na da imkan tan\u0131yor.<br \/>\n<br \/>Elektrikli ara\u00e7lar\u0131n art\u0131k bir tercih de\u011fil, k\u00fcresel \u00f6l\u00e7ekte bir d\u00f6n\u00fc\u015f\u00fcm oldu\u011funa dikkat \u00e7eken Manisa B\u00fcy\u00fck\u015fehir Belediyesi, bu d\u00f6n\u00fc\u015f\u00fcmde \u00f6nc\u00fc \u015fehirlerden biri olmay\u0131 hedefliyor. Belediye, enerji verimlili\u011fini art\u0131rarak kenti yar\u0131n\u0131n teknolojilerine haz\u0131rlarken, \u00f6n\u00fcm\u00fczdeki s\u00fcre\u00e7te kent genelinde daha fazla \u015farj noktas\u0131 kurmay\u0131 planl\u0131yor.<\/p>\n<p>Manisa\u2019da g\u00fc\u00e7l\u00fc bir elektrikli ara\u00e7 altyap\u0131s\u0131<br \/>\n<br \/>Manisa Enerji Sanayi ve Ticaret A.\u015e. Genel M\u00fcd\u00fcr Yard\u0131mc\u0131s\u0131 Alper Ayan, Manisa\u2019ya g\u00fcvenli ve eri\u015filebilir bir elektrikli ara\u00e7 altyap\u0131s\u0131 kazand\u0131rmak i\u00e7in kararl\u0131l\u0131kla \u00e7al\u0131\u015ft\u0131klar\u0131n\u0131 belirtti. Kent genelinde \u015fu an 6 farkl\u0131 lokasyonda toplam 62 ara\u00e7 kapasiteli \u015farj istasyonunun hizmet verdi\u011fini ifade eden Ayan, ilk \u015farj istasyonunun tam otomasyonlu otopark \u00f6n\u00fcne kuruldu\u011funu s\u00f6yledi.<br \/>\n<br \/>H\u0131zl\u0131 \u015farj sistemleri sayesinde ara\u00e7lar\u0131n 40-45 dakika i\u00e7erisinde \u015farj edilebildi\u011fini vurgulayan Ayan, &#8220;\u015eehrimizin d\u00f6rt bir yan\u0131n\u0131 \u015farj istasyonlar\u0131yla donatarak, gelece\u011fin teknolojisi olan elektrikli ara\u00e7 altyap\u0131s\u0131n\u0131 h\u0131zl\u0131 bir \u015fekilde olu\u015fturuyoruz. Bir y\u0131l i\u00e7inde 60\u2019tan fazla cihaz kurduk. B\u00fcy\u00fck\u015fehir Belediye Ba\u015fkan\u0131m\u0131z Besim Dutlulu\u2019nun destekleri bizleri cesaretlendiriyor. Manisa\u2019ya hizmet etmeye ayn\u0131 kararl\u0131l\u0131kla devam edece\u011fiz&#8221; dedi.<br \/><\/p>\n","protected":false},"excerpt":{"rendered":"<p>Manisa B\u00fcy\u00fck\u015fehir Belediyesi\u2019nin i\u015ftiraki Manisa Enerji A.\u015e. taraf\u0131ndan kurulan elektrikli ara\u00e7 \u015farj istasyonlar\u0131yla kentte \u00e7evre dostu, g\u00fcvenli ve eri\u015filebilir ula\u015f\u0131m altyap\u0131s\u0131 h\u0131zla yayg\u0131nla\u015f\u0131yor. Manisa B\u00fcy\u00fck\u015fehir Belediyesi, s\u00fcrd\u00fcr\u00fclebilir ve \u00e7evre dostu ula\u015f\u0131m hedefleri do\u011frultusunda elektrikli ara\u00e7 \u015farj altyap\u0131s\u0131na y\u00f6nelik yat\u0131r\u0131mlar\u0131n\u0131 aral\u0131ks\u0131z s\u00fcrd\u00fcr\u00fcyor. B\u00fcy\u00fck\u015fehir Belediyesi i\u015ftiraki Manisa Enerji Sanayi ve Ticaret A.\u015e. taraf\u0131ndan kent genelinde kurulan elektrikli&#8230;<\/p>\n","protected":false},"author":1,"featured_media":81756,"comment_status":"open","ping_status":"open","sticky":false,"template":"","format":"standard","meta":{"_crdt_document":"","footnotes":""},"categories":[125],"tags":[],"class_list":["post-81755","post","type-post","status-publish","format-standard","has-post-thumbnail","hentry","category-ekonomi"],"_links":{"self":[{"href":"https:\/\/www.egemtv.com\/index.php?rest_route=\/wp\/v2\/posts\/81755","targetHints":{"allow":["GET"]}}],"collection":[{"href":"https:\/\/www.egemtv.com\/index.php?rest_route=\/wp\/v2\/posts"}],"about":[{"href":"https:\/\/www.egemtv.com\/index.php?rest_route=\/wp\/v2\/types\/post"}],"author":[{"embeddable":true,"href":"https:\/\/www.egemtv.com\/index.php?rest_route=\/wp\/v2\/users\/1"}],"replies":[{"embeddable":true,"href":"https:\/\/www.egemtv.com\/index.php?rest_route=%2Fwp%2Fv2%2Fcomments&post=81755"}],"version-history":[{"count":1,"href":"https:\/\/www.egemtv.com\/index.php?rest_route=\/wp\/v2\/posts\/81755\/revisions"}],"predecessor-version":[{"id":81757,"href":"https:\/\/www.egemtv.com\/index.php?rest_route=\/wp\/v2\/posts\/81755\/revisions\/81757"}],"wp:featuredmedia":[{"embeddable":true,"href":"https:\/\/www.egemtv.com\/index.php?rest_route=\/wp\/v2\/media\/81756"}],"wp:attachment":[{"href":"https:\/\/www.egemtv.com\/index.php?rest_route=%2Fwp%2Fv2%2Fmedia&parent=81755"}],"wp:term":[{"taxonomy":"category","embeddable":true,"href":"https:\/\/www.egemtv.com\/index.php?rest_route=%2Fwp%2Fv2%2Fcategories&post=81755"},{"taxonomy":"post_tag","embeddable":true,"href":"https:\/\/www.egemtv.com\/index.php?rest_route=%2Fwp%2Fv2%2Ftags&post=81755"}],"curies":[{"name":"wp","href":"https:\/\/api.w.org\/{rel}","templated":true}]}}