{"id":81752,"date":"2026-01-19T14:55:47","date_gmt":"2026-01-19T11:55:47","guid":{"rendered":"https:\/\/www.egemtv.com\/?p=81752"},"modified":"2026-01-19T14:55:48","modified_gmt":"2026-01-19T11:55:48","slug":"suhutta-sabah-namazi-bulusmasi","status":"publish","type":"post","link":"https:\/\/www.egemtv.com\/?p=81752","title":{"rendered":"\u015euhut\u2019ta \u2019Sabah Namaz\u0131\u2019 bulu\u015fmas\u0131"},"content":{"rendered":"<p>Afyonkarahisar \u015euhut \u0130l\u00e7e M\u00fcft\u00fcl\u00fc\u011f\u00fc taraf\u0131ndan d\u00fczenlenen &#8220;Sabah Namaz\u0131 Bulu\u015fmas\u0131&#8221; bu hafta Yar\u0131\u015fl\u0131 Yeni Camii\u2019nde ger\u00e7ekle\u015ftirildi.<br \/>\n<br \/>\u015euhut \u0130l\u00e7e vaizi Abd\u00fcsselam F\u0131rat hocam\u0131z\u0131n, cami g\u00f6revlilerinin ve cemaatin kat\u0131l\u0131m\u0131yla k\u0131l\u0131nan sabah namaz\u0131n\u0131n ard\u0131ndan program icra edildi. Programda Kur\u2019an-\u0131 Kerim tilaveti, tesbihat, ilahi ve kasideler okundu; dualarda bulunuldu.<br \/>\n<br \/>Program\u0131n sonunda cemaate kahvalt\u0131 ikram\u0131 yap\u0131ld\u0131. D\u00fczenlenen bulu\u015fman\u0131n kabul\u00fcn\u00fc Cenab-\u0131 Hak\u2019tan dileyen yetkililer, programda eme\u011fi ge\u00e7enlere te\u015fekk\u00fcr etti.<br \/><\/p>\n","protected":false},"excerpt":{"rendered":"<p>Afyonkarahisar \u015euhut \u0130l\u00e7e M\u00fcft\u00fcl\u00fc\u011f\u00fc taraf\u0131ndan d\u00fczenlenen &#8220;Sabah Namaz\u0131 Bulu\u015fmas\u0131&#8221; bu hafta Yar\u0131\u015fl\u0131 Yeni Camii\u2019nde ger\u00e7ekle\u015ftirildi. \u015euhut \u0130l\u00e7e vaizi Abd\u00fcsselam F\u0131rat hocam\u0131z\u0131n, cami g\u00f6revlilerinin ve cemaatin kat\u0131l\u0131m\u0131yla k\u0131l\u0131nan sabah namaz\u0131n\u0131n ard\u0131ndan program icra edildi. Programda Kur\u2019an-\u0131 Kerim tilaveti, tesbihat, ilahi ve kasideler okundu; dualarda bulunuldu. Program\u0131n sonunda cemaate kahvalt\u0131 ikram\u0131 yap\u0131ld\u0131. D\u00fczenlenen bulu\u015fman\u0131n kabul\u00fcn\u00fc Cenab-\u0131 Hak\u2019tan&#8230;<\/p>\n","protected":false},"author":1,"featured_media":81753,"comment_status":"open","ping_status":"open","sticky":false,"template":"","format":"standard","meta":{"_crdt_document":"","footnotes":""},"categories":[1],"tags":[],"class_list":["post-81752","post","type-post","status-publish","format-standard","has-post-thumbnail","hentry","category-guncel"],"_links":{"self":[{"href":"https:\/\/www.egemtv.com\/index.php?rest_route=\/wp\/v2\/posts\/81752","targetHints":{"allow":["GET"]}}],"collection":[{"href":"https:\/\/www.egemtv.com\/index.php?rest_route=\/wp\/v2\/posts"}],"about":[{"href":"https:\/\/www.egemtv.com\/index.php?rest_route=\/wp\/v2\/types\/post"}],"author":[{"embeddable":true,"href":"https:\/\/www.egemtv.com\/index.php?rest_route=\/wp\/v2\/users\/1"}],"replies":[{"embeddable":true,"href":"https:\/\/www.egemtv.com\/index.php?rest_route=%2Fwp%2Fv2%2Fcomments&post=81752"}],"version-history":[{"count":1,"href":"https:\/\/www.egemtv.com\/index.php?rest_route=\/wp\/v2\/posts\/81752\/revisions"}],"predecessor-version":[{"id":81754,"href":"https:\/\/www.egemtv.com\/index.php?rest_route=\/wp\/v2\/posts\/81752\/revisions\/81754"}],"wp:featuredmedia":[{"embeddable":true,"href":"https:\/\/www.egemtv.com\/index.php?rest_route=\/wp\/v2\/media\/81753"}],"wp:attachment":[{"href":"https:\/\/www.egemtv.com\/index.php?rest_route=%2Fwp%2Fv2%2Fmedia&parent=81752"}],"wp:term":[{"taxonomy":"category","embeddable":true,"href":"https:\/\/www.egemtv.com\/index.php?rest_route=%2Fwp%2Fv2%2Fcategories&post=81752"},{"taxonomy":"post_tag","embeddable":true,"href":"https:\/\/www.egemtv.com\/index.php?rest_route=%2Fwp%2Fv2%2Ftags&post=81752"}],"curies":[{"name":"wp","href":"https:\/\/api.w.org\/{rel}","templated":true}]}}