{"id":81746,"date":"2026-01-19T14:41:59","date_gmt":"2026-01-19T11:41:59","guid":{"rendered":"https:\/\/www.egemtv.com\/?p=81746"},"modified":"2026-01-19T14:41:59","modified_gmt":"2026-01-19T11:41:59","slug":"izmir-ekonomi-universitesi-spor-yoneticiligi-sertifika-programi-basladi","status":"publish","type":"post","link":"https:\/\/www.egemtv.com\/?p=81746","title":{"rendered":"\u0130zmir Ekonomi \u00dcniversitesi Spor Y\u00f6neticili\u011fi Sertifika Program\u0131 ba\u015flad\u0131"},"content":{"rendered":"<p>\u0130zmir Ekonomi \u00dcniversitesi (\u0130E\u00dc) taraf\u0131ndan T\u00fcrk sporunun geli\u015fimine katk\u0131 sa\u011flamak ve profesyonel y\u00f6neticiler yeti\u015ftirmek amac\u0131yla d\u00fczenlenen Spor Y\u00f6neticili\u011fi Sertifika Program\u0131 ba\u015flad\u0131. G\u00f6ztepe Spor Kul\u00fcb\u00fc\u2019n\u00fcn deste\u011fiyle hayata ge\u00e7irilen program\u0131n a\u00e7\u0131l\u0131\u015f g\u00fcn\u00fcnde, spor d\u00fcnyas\u0131n\u0131n \u00f6nemli isimleri \u0130zmir\u2019de bir araya geldi.<br \/>\n<br \/>\u0130zmir Ekonomi \u00dcniversitesi Konferans Salonu\u2019nda saat 10.30\u2019da ba\u015flayan etkinlikler, g\u00fcn boyu s\u00fcrecek panellerle devam ediyor. Spor d\u00fcnyas\u0131n\u0131n yak\u0131ndan tan\u0131d\u0131\u011f\u0131 30 isim taraf\u0131ndan 9 ayr\u0131 mod\u00fclde e\u011fitimlerin verilece\u011fi program\u0131n a\u00e7\u0131l\u0131\u015f konu\u015fmas\u0131n\u0131 \u0130E\u00dc Rekt\u00f6r\u00fc Prof. Dr. Yusuf Hakan Abac\u0131o\u011flu ger\u00e7ekle\u015ftirdi. Abac\u0131o\u011flu, &#8220;Bug\u00fcn a\u00e7\u0131l\u0131\u015f\u0131n\u0131 yapt\u0131\u011f\u0131m\u0131z Spor Y\u00f6neticili\u011fi Program\u0131 bu anlay\u0131\u015f\u0131n bir \u00fcr\u00fcn\u00fc olarak hayata ge\u00e7irildi. Program hakk\u0131nda bilgi aktarmadan \u00f6nce \u0130E\u00dc olarak spora bak\u0131\u015f\u0131m\u0131zdan s\u00f6z etmek isterim. \u0130E\u00dc olarak bizler, sporu \u00fcniversite ya\u015fam\u0131n\u0131n merkezinde konumland\u0131r\u0131yor; \u00f6\u011frencilerimizin akademik geli\u015fimlerinin yan\u0131 s\u0131ra sportif ve sosyal geli\u015fimlerini de b\u00fct\u00fcnc\u00fcl bir yakla\u015f\u0131mla destekliyoruz. Her y\u0131l artan lisansl\u0131 sporcu say\u0131m\u0131z, bunun somut bir g\u00f6stergesi. Son \u00fc\u00e7 y\u0131lda tam 425 lisansl\u0131 sporcumuz, \u00fcniversitemizi farkl\u0131 bran\u015flarda ba\u015far\u0131yla temsil etti. 2025-2026 Akademik Y\u0131l\u0131 itibar\u0131yla 23 farkl\u0131 bran\u015fta 13 aktif spor tak\u0131m\u0131m\u0131z var. Gen\u00e7lerimiz, \u00fcniversitemizin ad\u0131n\u0131 gururla zirveye ta\u015f\u0131yor&#8221; dedi.<\/p>\n<p>A\u00e7\u0131l\u0131\u015f konu\u015fmalar\u0131n\u0131n ard\u0131ndan H\u00fcrriyet Spor M\u00fcd\u00fcr\u00fc Mehmet Arslan\u2019\u0131n moderat\u00f6rl\u00fc\u011f\u00fcnde g\u00fcn\u00fcn ilk paneli d\u00fczenlendi. \u2018Spor Y\u00f6netiminde Profesyonel Yakla\u015f\u0131mlar\u2019 ba\u015fl\u0131kl\u0131 oturumda; Dr. Mehmet Muharrem Kasapo\u011flu, \u0130zmir Ticaret Odas\u0131 Y\u00f6netim Kurulu Ba\u015fkan\u0131 ve \u0130E\u00dc M\u00fctevelli Heyet Ba\u015fkan\u0131 Mahmut \u00d6zgener ile G\u00f6ztepe Onursal Ba\u015fkan\u0131 Mehmet Sepil kat\u0131l\u0131mc\u0131larla bulu\u015ftu.<\/p>\n<p>Mehmet Kasapo\u011flu: &#8220;Bu projenin hem spor camiam\u0131z hem de \u0130zmir\u2019imiz i\u00e7in hay\u0131rl\u0131 olmas\u0131n\u0131 diliyorum&#8221;<br \/>\n<br \/>Panelde a\u00e7\u0131klamalarda bulunan \u00f6nceki D\u00f6nem Gen\u00e7lik ve Spor Bakan\u0131, AK Parti \u0130zmir Milletvekili Dr. Mehmet Muharrem Kasapo\u011flu, &#8220;Bu projenin hem spor camiam\u0131z hem de \u0130zmir\u2019imiz i\u00e7in hay\u0131rl\u0131 olmas\u0131n\u0131 diliyorum. T\u00fcrkiye\u2019nin spor y\u00fcr\u00fcy\u00fc\u015f\u00fc hakikaten y\u0131llara sari bir s\u00fcre\u00e7tir; sporda ba\u015far\u0131 bug\u00fcnden yar\u0131na ger\u00e7ekle\u015fen bir durum de\u011fildir. Sizler de \u00e7ok iyi biliyorsunuz ki spor; g\u00fc\u00e7l\u00fc bir y\u00f6netim gerektiren, fedakarl\u0131klar bar\u0131nd\u0131ran, gev\u015femeden ve b\u0131rakmadan sab\u0131rla ta\u00e7land\u0131r\u0131lacak \u00e7ok uzun bir s\u00fcre\u00e7tir. \u00dcniversite ve akademi olarak geldi\u011fimiz noktada tesis envanteri apayr\u0131 bir g\u00fc\u00e7. Bu g\u00fcc\u00fc y\u00f6netmek; insan kayna\u011f\u0131yla, y\u00f6netim mant\u0131\u011f\u0131yla ayr\u0131 bir kapasite gerektiriyor. Buna da haz\u0131r olmam\u0131z laz\u0131m. \u00dcniversitelerimizden bu noktada birtak\u0131m a\u00e7\u0131l\u0131mlar bekliyoruz. \u00c7\u00fcnk\u00fc T\u00fcrkiye\u2019nin buna bug\u00fcn de ihtiyac\u0131 var, bundan sonra daha \u00e7ok ihtiyac\u0131 olacak. Sporla birlikte yeni geli\u015fimleri y\u00f6netmek ve bunlara liderlik yapmak da bence akademinin \u00f6nemli sorumluluklar\u0131ndand\u0131r. Nas\u0131l teknolojide akademinin liderli\u011fi varsa, sporda da bu motivasyonu mutlaka akademinin ve akademisyenlerin ta\u015f\u0131mas\u0131; bunu g\u00fc\u00e7lendirmemiz laz\u0131m. \u0130nan\u0131yorum ki \u0130zmir\u2019de bunu belli bir noktaya ta\u015f\u0131d\u0131k ama daha gidecek \u00e7ok yolumuz var&#8221; ifadelerini kulland\u0131.<\/p>\n<p>Mahmut \u00d6zgener: &#8220;T\u00fcrkiye\u2019de \u015fu anda yakla\u015f\u0131k 466 bin lisansl\u0131 futbolcu bulunuyor&#8221;<br \/>\n<br \/>\u0130zmir Ticaret Odas\u0131 Y\u00f6netim Kurulu Ba\u015fkan\u0131 ve \u0130E\u00dc M\u00fctevelli Heyet Ba\u015fkan\u0131 Mahmut \u00d6zgener, &#8220;Bug\u00fcn T\u00fcrkiye\u2019ye bakt\u0131\u011f\u0131m\u0131zda, gen\u00e7 n\u00fcfus bak\u0131m\u0131ndan hakikaten b\u00fcy\u00fck bir avantaja sahibiz. Bu durum futbol i\u00e7in elbette \u00e7ok b\u00fcy\u00fck bir potansiyel; ancak potansiyel tek ba\u015f\u0131na bir \u015feyler \u00fcretmeye yetmiyor. \u00d6nemli olan, bu potansiyelin ve bu kitlenin ne kadar\u0131n\u0131n d\u00fczenli, nitelikli ve s\u00fcrd\u00fcr\u00fclebilir bir bi\u00e7imde futbol oynad\u0131\u011f\u0131d\u0131r. T\u00fcrkiye\u2019de \u015fu anda yakla\u015f\u0131k 466 bin lisansl\u0131 futbolcu bulunuyor. Okul sporlar\u0131 ve federasyon programlar\u0131 \u00fczerinden ise yakla\u015f\u0131k 15 milyon \u00e7ocuk ve gen\u00e7, teorik olarak bug\u00fcn futbolla temas edebilecek durumda. T\u00fcrkiye\u2019deki mesele futbola ilgi duyan \u00e7ocuk bulmak de\u011fil; mesele, bu \u00e7ocuklar\u0131 12-13 ya\u015flar\u0131nda oyuna sokup, 18-19 ya\u015flar\u0131na kadar oyunun i\u00e7inde tutabilmektir&#8221; diye ekledi.<\/p>\n<p>Mehmet Sepil: &#8220;Ekonomik b\u00fcy\u00fckl\u00fc\u011f\u00fcn 100 milyon Euro\u2019nun \u00fczerinde&#8221;<br \/>\n<br \/>G\u00f6ztepe Onursal Ba\u015fkan\u0131 Mehmet Sepil ise, &#8220;\u00dcniversitenin yapt\u0131\u011f\u0131 ve tamamen bizim d\u0131\u015f\u0131m\u0131zda geli\u015fen bir \u00e7al\u0131\u015fmaya g\u00f6re, bu ekonomik b\u00fcy\u00fckl\u00fc\u011f\u00fcn 100 milyon Euro\u2019nun \u00fczerinde oldu\u011fu tespit edildi. Bu \u00e7al\u0131\u015fma; ma\u00e7 g\u00fcnleri ve di\u011fer g\u00fcnlerde esnafla yap\u0131lan g\u00f6r\u00fc\u015fmeler ve incelemeler sonucunda ortaya \u00e7\u0131kt\u0131. Sosyal medya \u00f6l\u00e7\u00fcmlerine ve bilimsel \u00e7al\u0131\u015fmalara bakt\u0131\u011f\u0131m\u0131zda aradaki fark\u0131 net bir \u015fekilde g\u00f6r\u00fcyoruz. Dolay\u0131s\u0131yla, bir \u015fehrin kul\u00fcpleri o \u015fehre \u00e7ok ciddi katk\u0131da bulunur; ba\u015far\u0131 artt\u0131k\u00e7a bu katk\u0131 da y\u00fckselir. \u015eu an voleybolda, \u2019Sultanlar\u2019da ve baskette olmak \u00fczere 17-18 bran\u015fta faaliyet g\u00f6steriyoruz. Bu durum sadece futbolda de\u011fil, genel anlamda ciddi bir ekonomi olu\u015fturuyor. Biliyorsunuz, rakip tak\u0131ma y\u00fczde 5\u2019lik bir seyirci kapasitesi ayr\u0131l\u0131yor. Bug\u00fcn \u0130stanbul\u2019dan kul\u00fcpler hafta sonu buraya geliyor ve her t\u00fcrl\u00fc ihtiya\u00e7lar\u0131n\u0131 burada kar\u015f\u0131l\u0131yorlar&#8221; diye konu\u015ftu.<\/p>\n<p>Sekt\u00f6r\u00fcn \u00f6nde gelenleri tecr\u00fcbelerini aktar\u0131yor<br \/>\n<br \/>Program kapsam\u0131nda d\u00fczenlenecek \u2018Yeni Nesil Spor Kul\u00fcb\u00fc Y\u00f6netimi\u2019 konulu ikinci panelde, Kas\u0131mpa\u015fa Spor Kul\u00fcb\u00fc CEO\u2019su Ceyhun Kazanc\u0131 ve Alt\u0131nordu Voleybol CEO\u2019su Selim \u00c7\u0131nar konu\u015fmac\u0131 olarak yer alacak. Panelin moderat\u00f6rl\u00fc\u011f\u00fcn\u00fc \u0130E\u00dc Rekt\u00f6r Dan\u0131\u015fman\u0131 Dr. Bur\u00e7in \u00d6nder \u00fcstlenecek.<\/p>\n<p>G\u00fcn\u00fcn \u00fc\u00e7\u00fcnc\u00fc oturumu olan \u2018Toplumsal Cinsiyet E\u015fitli\u011fi ve Kad\u0131nlar\u0131n Spor Y\u00f6netimindeki Temsili\u2019 panelinde ise spor spikeri \u00c7i\u011fdem G\u00fcnal moderat\u00f6rl\u00fc\u011f\u00fcnde; Kad\u0131n A Milli Futbol Tak\u0131m\u0131 Teknik Direkt\u00f6r\u00fc Necla G\u00fcng\u00f6r K\u0131ra\u011fas\u0131, Basketbol Federasyonu Y\u00f6netim Kurulu \u00dcyesi G\u00fcl\u015fah Akkaya ve T\u00fcrkiye Kad\u0131n Milli Voleybol Tak\u0131m\u0131 Menajeri Pelin \u00c7elik g\u00f6r\u00fc\u015flerini payla\u015facak.<\/p>\n<p>Medya ve spor ili\u015fkisi masaya yat\u0131r\u0131l\u0131yor<br \/>\n<br \/>Etkinlik kapsam\u0131nda \u2018Spor Yay\u0131nc\u0131l\u0131\u011f\u0131n\u0131n De\u011fi\u015fimi ve Medyan\u0131n Sporu \u015eekillendiri\u015fi\u2019 ba\u015fl\u0131kl\u0131 d\u00f6rd\u00fcnc\u00fc panel, yine Mehmet Arslan y\u00f6netiminde, NTV Spor Genel Yay\u0131n Y\u00f6netmeni Fuat Akda\u011f ve Spor Yorumcusu U\u011fur Karakulluk\u00e7u\u2019nun kat\u0131l\u0131m\u0131yla ger\u00e7ekle\u015fecek. Panellerin yan\u0131 s\u0131ra EuroSport Genel Yay\u0131n Y\u00f6netmeni Ba\u011f\u0131\u015f Erten \u2018Spor Yay\u0131nc\u0131l\u0131\u011f\u0131n\u0131n Evrimi: Gelenekselden Dijitale ve Toplumda Spor Medyas\u0131n\u0131n Rol\u00fc\u2019 konusunda, StarFan CEO\u2019su Ertan Timu\u00e7in de \u2018Taraftar 4.0: Etkile\u015fim, Sadakat ve Platformlar\u2019 ba\u015fl\u0131klar\u0131nda deneyimlerini kat\u0131l\u0131mc\u0131lara aktaracak.<br \/><\/p>\n","protected":false},"excerpt":{"rendered":"<p>\u0130zmir Ekonomi \u00dcniversitesi (\u0130E\u00dc) taraf\u0131ndan T\u00fcrk sporunun geli\u015fimine katk\u0131 sa\u011flamak ve profesyonel y\u00f6neticiler yeti\u015ftirmek amac\u0131yla d\u00fczenlenen Spor Y\u00f6neticili\u011fi Sertifika Program\u0131 ba\u015flad\u0131. G\u00f6ztepe Spor Kul\u00fcb\u00fc\u2019n\u00fcn deste\u011fiyle hayata ge\u00e7irilen program\u0131n a\u00e7\u0131l\u0131\u015f g\u00fcn\u00fcnde, spor d\u00fcnyas\u0131n\u0131n \u00f6nemli isimleri \u0130zmir\u2019de bir araya geldi. \u0130zmir Ekonomi \u00dcniversitesi Konferans Salonu\u2019nda saat 10.30\u2019da ba\u015flayan etkinlikler, g\u00fcn boyu s\u00fcrecek panellerle devam ediyor. Spor d\u00fcnyas\u0131n\u0131n&#8230;<\/p>\n","protected":false},"author":1,"featured_media":81747,"comment_status":"open","ping_status":"open","sticky":false,"template":"","format":"standard","meta":{"_crdt_document":"","footnotes":""},"categories":[4],"tags":[],"class_list":["post-81746","post","type-post","status-publish","format-standard","has-post-thumbnail","hentry","category-spor"],"_links":{"self":[{"href":"https:\/\/www.egemtv.com\/index.php?rest_route=\/wp\/v2\/posts\/81746","targetHints":{"allow":["GET"]}}],"collection":[{"href":"https:\/\/www.egemtv.com\/index.php?rest_route=\/wp\/v2\/posts"}],"about":[{"href":"https:\/\/www.egemtv.com\/index.php?rest_route=\/wp\/v2\/types\/post"}],"author":[{"embeddable":true,"href":"https:\/\/www.egemtv.com\/index.php?rest_route=\/wp\/v2\/users\/1"}],"replies":[{"embeddable":true,"href":"https:\/\/www.egemtv.com\/index.php?rest_route=%2Fwp%2Fv2%2Fcomments&post=81746"}],"version-history":[{"count":1,"href":"https:\/\/www.egemtv.com\/index.php?rest_route=\/wp\/v2\/posts\/81746\/revisions"}],"predecessor-version":[{"id":81748,"href":"https:\/\/www.egemtv.com\/index.php?rest_route=\/wp\/v2\/posts\/81746\/revisions\/81748"}],"wp:featuredmedia":[{"embeddable":true,"href":"https:\/\/www.egemtv.com\/index.php?rest_route=\/wp\/v2\/media\/81747"}],"wp:attachment":[{"href":"https:\/\/www.egemtv.com\/index.php?rest_route=%2Fwp%2Fv2%2Fmedia&parent=81746"}],"wp:term":[{"taxonomy":"category","embeddable":true,"href":"https:\/\/www.egemtv.com\/index.php?rest_route=%2Fwp%2Fv2%2Fcategories&post=81746"},{"taxonomy":"post_tag","embeddable":true,"href":"https:\/\/www.egemtv.com\/index.php?rest_route=%2Fwp%2Fv2%2Ftags&post=81746"}],"curies":[{"name":"wp","href":"https:\/\/api.w.org\/{rel}","templated":true}]}}