{"id":81743,"date":"2026-01-19T14:41:58","date_gmt":"2026-01-19T11:41:58","guid":{"rendered":"https:\/\/www.egemtv.com\/?p=81743"},"modified":"2026-01-19T14:41:59","modified_gmt":"2026-01-19T11:41:59","slug":"snowbike-turkiye-sampiyonasinda-akhisar-ruzgari","status":"publish","type":"post","link":"https:\/\/www.egemtv.com\/?p=81743","title":{"rendered":"Snowbike T\u00fcrkiye \u015eampiyonas\u0131\u2019nda Akhisar r\u00fczgar\u0131"},"content":{"rendered":"<p>T\u00fcrkiye Bisiklet Federasyonu\u2019nun 2025 y\u0131l\u0131 faaliyet program\u0131nda yer alan Snowbike T\u00fcrkiye \u015eampiyonas\u0131, 17-18 Ocak tarihlerinde Erzurum\u2019da ger\u00e7ekle\u015ftirildi. Zorlu k\u0131\u015f \u015fartlar\u0131nda yap\u0131lan \u015fampiyonada Akhisar\u2019dan kat\u0131lan sporcular elde ettikleri derecelerle \u00f6nemli bir ba\u015far\u0131 elde etti.<br \/>\n<br \/>\u015eampiyonada Akhisar Karabulut Spor Kul\u00fcb\u00fc sporcusu Nazife Tun\u00e7el, g\u00f6sterdi\u011fi \u00fcst\u00fcn performansla Genel Klasman ikincisi olurken, Gen\u00e7 Kad\u0131nlar kategorisinde alt\u0131n madalya elde etti. Tun\u00e7el\u2019in ba\u015far\u0131s\u0131, Akhisar spor camias\u0131nda sevin\u00e7le kar\u015f\u0131land\u0131.<br \/>\n<br \/>Yine Karabulut Spor Kul\u00fcb\u00fc sporcusu \u0130lknur Bu\u011flem Karata\u015f ise Y\u0131ld\u0131z Kad\u0131nlar kategorisinde T\u00fcrkiye d\u00f6rd\u00fcnc\u00fcs\u00fc olarak \u00f6nemli bir ba\u015far\u0131ya imza att\u0131.<br \/>\n<br \/>\u015eampiyonaya Akhisar\u2019dan toplam 5 sporcu kat\u0131ld\u0131. Bu sporcular\u0131n 3\u2019\u00fc Karabulut Spor Kul\u00fcb\u00fc, 2\u2019si ise Akhisar \u0130l\u00e7e Spor Kul\u00fcb\u00fc ad\u0131na m\u00fccadele etti.<br \/>\n<br \/>Akhisar sporunun geli\u015fimine katk\u0131 sunan Gen\u00e7lik ve Spor \u0130l\u00e7e M\u00fcd\u00fcr\u00fc Hasan H\u00fcseyin Oktay, Karabulut Spor Kul\u00fcb\u00fc Ba\u015fkan\u0131 Bark\u0131n D\u00fczg\u00fcn, kul\u00fcp sponsorlar\u0131ndan AKT Enerji ad\u0131na Bilal Kurulay ile Akhisar \u0130l\u00e7e Spor Kul\u00fcb\u00fc sponsoru Alhato\u011flu Zeytinya\u011flar\u0131 ad\u0131na Alper Alhat, sporcular\u0131n her zaman yan\u0131nda olduklar\u0131n\u0131 belirtti.<br \/>\n<br \/>Akhisar Gen\u00e7lik ve Spor \u0130l\u00e7e M\u00fcd\u00fcr\u00fc ve Kul\u00fcp Ba\u015fkan\u0131 Hasan H\u00fcseyin Oktay, elde edilen derecelerin Akhisar\u2019da bisiklet sporunun geldi\u011fi noktay\u0131 g\u00f6stermesi a\u00e7\u0131s\u0131ndan son derece \u00f6nemli oldu\u011funu vurgulayarak, sporcular\u0131 ve antren\u00f6rlerini tebrik etti.<br \/><\/p>\n","protected":false},"excerpt":{"rendered":"<p>T\u00fcrkiye Bisiklet Federasyonu\u2019nun 2025 y\u0131l\u0131 faaliyet program\u0131nda yer alan Snowbike T\u00fcrkiye \u015eampiyonas\u0131, 17-18 Ocak tarihlerinde Erzurum\u2019da ger\u00e7ekle\u015ftirildi. Zorlu k\u0131\u015f \u015fartlar\u0131nda yap\u0131lan \u015fampiyonada Akhisar\u2019dan kat\u0131lan sporcular elde ettikleri derecelerle \u00f6nemli bir ba\u015far\u0131 elde etti. \u015eampiyonada Akhisar Karabulut Spor Kul\u00fcb\u00fc sporcusu Nazife Tun\u00e7el, g\u00f6sterdi\u011fi \u00fcst\u00fcn performansla Genel Klasman ikincisi olurken, Gen\u00e7 Kad\u0131nlar kategorisinde alt\u0131n madalya elde etti&#8230;.<\/p>\n","protected":false},"author":1,"featured_media":81744,"comment_status":"open","ping_status":"open","sticky":false,"template":"","format":"standard","meta":{"_crdt_document":"","footnotes":""},"categories":[4],"tags":[],"class_list":["post-81743","post","type-post","status-publish","format-standard","has-post-thumbnail","hentry","category-spor"],"_links":{"self":[{"href":"https:\/\/www.egemtv.com\/index.php?rest_route=\/wp\/v2\/posts\/81743","targetHints":{"allow":["GET"]}}],"collection":[{"href":"https:\/\/www.egemtv.com\/index.php?rest_route=\/wp\/v2\/posts"}],"about":[{"href":"https:\/\/www.egemtv.com\/index.php?rest_route=\/wp\/v2\/types\/post"}],"author":[{"embeddable":true,"href":"https:\/\/www.egemtv.com\/index.php?rest_route=\/wp\/v2\/users\/1"}],"replies":[{"embeddable":true,"href":"https:\/\/www.egemtv.com\/index.php?rest_route=%2Fwp%2Fv2%2Fcomments&post=81743"}],"version-history":[{"count":1,"href":"https:\/\/www.egemtv.com\/index.php?rest_route=\/wp\/v2\/posts\/81743\/revisions"}],"predecessor-version":[{"id":81745,"href":"https:\/\/www.egemtv.com\/index.php?rest_route=\/wp\/v2\/posts\/81743\/revisions\/81745"}],"wp:featuredmedia":[{"embeddable":true,"href":"https:\/\/www.egemtv.com\/index.php?rest_route=\/wp\/v2\/media\/81744"}],"wp:attachment":[{"href":"https:\/\/www.egemtv.com\/index.php?rest_route=%2Fwp%2Fv2%2Fmedia&parent=81743"}],"wp:term":[{"taxonomy":"category","embeddable":true,"href":"https:\/\/www.egemtv.com\/index.php?rest_route=%2Fwp%2Fv2%2Fcategories&post=81743"},{"taxonomy":"post_tag","embeddable":true,"href":"https:\/\/www.egemtv.com\/index.php?rest_route=%2Fwp%2Fv2%2Ftags&post=81743"}],"curies":[{"name":"wp","href":"https:\/\/api.w.org\/{rel}","templated":true}]}}