{"id":81740,"date":"2026-01-19T14:17:30","date_gmt":"2026-01-19T11:17:30","guid":{"rendered":"https:\/\/www.egemtv.com\/?p=81740"},"modified":"2026-01-19T14:17:32","modified_gmt":"2026-01-19T11:17:32","slug":"uyusturucu-operasyonunda-bir-kisi-tutuklandi-2","status":"publish","type":"post","link":"https:\/\/www.egemtv.com\/?p=81740","title":{"rendered":"Uyu\u015fturucu operasyonunda bir ki\u015fi tutukland\u0131"},"content":{"rendered":"<p>Afyonkarahisar\u2019da polis taraf\u0131ndan torbac\u0131 diye adland\u0131r\u0131lan uyu\u015fturucu sat\u0131c\u0131lar\u0131na y\u00f6nelik yap\u0131lan operasyonda bir ki\u015fi tutukland\u0131.<br \/>\n<br \/>Edinilen bilgilere g\u00f6re operasyon kent merkezinde ger\u00e7ekle\u015ftirildi. Torbac\u0131 diye adland\u0131r\u0131lan sokak sat\u0131c\u0131lar\u0131na y\u00f6nelik yap\u0131lan operasyonda 1 adet pe\u00e7eteye emdirilmi\u015f uyu\u015fturucu madde ile yakalanan Y.E.K., isimli \u015fah\u0131s g\u00f6zalt\u0131na al\u0131nd\u0131. \u015eah\u0131s emniyetteki i\u015flemlerin ard\u0131ndan sevk edildi\u011fi mahkeme taraf\u0131ndan tutuklanarak cezaevine g\u00f6nderildi.<br \/><\/p>\n","protected":false},"excerpt":{"rendered":"<p>Afyonkarahisar\u2019da polis taraf\u0131ndan torbac\u0131 diye adland\u0131r\u0131lan uyu\u015fturucu sat\u0131c\u0131lar\u0131na y\u00f6nelik yap\u0131lan operasyonda bir ki\u015fi tutukland\u0131. Edinilen bilgilere g\u00f6re operasyon kent merkezinde ger\u00e7ekle\u015ftirildi. Torbac\u0131 diye adland\u0131r\u0131lan sokak sat\u0131c\u0131lar\u0131na y\u00f6nelik yap\u0131lan operasyonda 1 adet pe\u00e7eteye emdirilmi\u015f uyu\u015fturucu madde ile yakalanan Y.E.K., isimli \u015fah\u0131s g\u00f6zalt\u0131na al\u0131nd\u0131. \u015eah\u0131s emniyetteki i\u015flemlerin ard\u0131ndan sevk edildi\u011fi mahkeme taraf\u0131ndan tutuklanarak cezaevine g\u00f6nderildi.<\/p>\n","protected":false},"author":1,"featured_media":81741,"comment_status":"open","ping_status":"open","sticky":false,"template":"","format":"standard","meta":{"_crdt_document":"","footnotes":""},"categories":[5],"tags":[],"class_list":["post-81740","post","type-post","status-publish","format-standard","has-post-thumbnail","hentry","category-asayis"],"_links":{"self":[{"href":"https:\/\/www.egemtv.com\/index.php?rest_route=\/wp\/v2\/posts\/81740","targetHints":{"allow":["GET"]}}],"collection":[{"href":"https:\/\/www.egemtv.com\/index.php?rest_route=\/wp\/v2\/posts"}],"about":[{"href":"https:\/\/www.egemtv.com\/index.php?rest_route=\/wp\/v2\/types\/post"}],"author":[{"embeddable":true,"href":"https:\/\/www.egemtv.com\/index.php?rest_route=\/wp\/v2\/users\/1"}],"replies":[{"embeddable":true,"href":"https:\/\/www.egemtv.com\/index.php?rest_route=%2Fwp%2Fv2%2Fcomments&post=81740"}],"version-history":[{"count":1,"href":"https:\/\/www.egemtv.com\/index.php?rest_route=\/wp\/v2\/posts\/81740\/revisions"}],"predecessor-version":[{"id":81742,"href":"https:\/\/www.egemtv.com\/index.php?rest_route=\/wp\/v2\/posts\/81740\/revisions\/81742"}],"wp:featuredmedia":[{"embeddable":true,"href":"https:\/\/www.egemtv.com\/index.php?rest_route=\/wp\/v2\/media\/81741"}],"wp:attachment":[{"href":"https:\/\/www.egemtv.com\/index.php?rest_route=%2Fwp%2Fv2%2Fmedia&parent=81740"}],"wp:term":[{"taxonomy":"category","embeddable":true,"href":"https:\/\/www.egemtv.com\/index.php?rest_route=%2Fwp%2Fv2%2Fcategories&post=81740"},{"taxonomy":"post_tag","embeddable":true,"href":"https:\/\/www.egemtv.com\/index.php?rest_route=%2Fwp%2Fv2%2Ftags&post=81740"}],"curies":[{"name":"wp","href":"https:\/\/api.w.org\/{rel}","templated":true}]}}