{"id":81737,"date":"2026-01-19T14:17:29","date_gmt":"2026-01-19T11:17:29","guid":{"rendered":"https:\/\/www.egemtv.com\/?p=81737"},"modified":"2026-01-19T14:17:30","modified_gmt":"2026-01-19T11:17:30","slug":"izmirde-zehir-operasyonu-adres-bu-kez-kumes","status":"publish","type":"post","link":"https:\/\/www.egemtv.com\/?p=81737","title":{"rendered":"\u0130zmir\u2019de zehir operasyonu: Adres bu kez k\u00fcmes"},"content":{"rendered":"<p>\u0130zmir\u2019in Karaba\u011flar il\u00e7esinde polisin bir adrese ger\u00e7ekle\u015ftirdi\u011fi operasyonda, uyu\u015fturucu maddelerin k\u00fcmese gizlendi\u011fi ortaya \u00e7\u0131kt\u0131. Operasyonda y\u00fckl\u00fc miktarda esrar ve ruhsats\u0131z silah ele ge\u00e7irilirken, 1 \u015f\u00fcpheli g\u00f6zalt\u0131na al\u0131nd\u0131.<br \/>\n<br \/>Karaba\u011flar \u0130l\u00e7e Emniyet M\u00fcd\u00fcrl\u00fc\u011f\u00fc Su\u00e7 \u00d6nleme ve Soru\u015fturma B\u00fcro Amirli\u011fi ekipleri, il\u00e7ede uyu\u015fturucu madde kullan\u0131m\u0131 ve sat\u0131\u015f\u0131n\u0131n \u00f6nlenmesine y\u00f6nelik y\u00fcr\u00fctt\u00fc\u011f\u00fc saha \u00e7al\u0131\u015fmalar\u0131 kapsam\u0131nda 1 hedef \u015fahs\u0131 takibe ald\u0131. 17 Ocak tarihinde belirlenen adrese operasyon d\u00fczenleyen ekipler, detayl\u0131 arama ger\u00e7ekle\u015ftirdi.<br \/>\n<br \/>Polis ekiplerinin titiz \u00e7al\u0131\u015fmalar\u0131 sonucu, \u015f\u00fcpheli M.S.A.\u2019n\u0131n (29) uyu\u015fturucu maddeleri muhafaza etmek i\u00e7in bir k\u00fcmesi \u2018zula\u2019 olarak kulland\u0131\u011f\u0131 tespit edildi. K\u00fcmeste ve ikamette yap\u0131lan aramalarda 611 gram esrar maddesi, 6 adet uyu\u015fturucu hap, 2 adet hassas terazi, 1 adet ruhsats\u0131z tabanca ve 4 adet 7.65 mm fi\u015fek ele ge\u00e7irildi.<br \/>\n<br \/>G\u00f6zalt\u0131na al\u0131nan M.S.A. adli birimlere teslim edildi.<br \/><\/p>\n","protected":false},"excerpt":{"rendered":"<p>\u0130zmir\u2019in Karaba\u011flar il\u00e7esinde polisin bir adrese ger\u00e7ekle\u015ftirdi\u011fi operasyonda, uyu\u015fturucu maddelerin k\u00fcmese gizlendi\u011fi ortaya \u00e7\u0131kt\u0131. Operasyonda y\u00fckl\u00fc miktarda esrar ve ruhsats\u0131z silah ele ge\u00e7irilirken, 1 \u015f\u00fcpheli g\u00f6zalt\u0131na al\u0131nd\u0131. Karaba\u011flar \u0130l\u00e7e Emniyet M\u00fcd\u00fcrl\u00fc\u011f\u00fc Su\u00e7 \u00d6nleme ve Soru\u015fturma B\u00fcro Amirli\u011fi ekipleri, il\u00e7ede uyu\u015fturucu madde kullan\u0131m\u0131 ve sat\u0131\u015f\u0131n\u0131n \u00f6nlenmesine y\u00f6nelik y\u00fcr\u00fctt\u00fc\u011f\u00fc saha \u00e7al\u0131\u015fmalar\u0131 kapsam\u0131nda 1 hedef \u015fahs\u0131 takibe ald\u0131&#8230;.<\/p>\n","protected":false},"author":1,"featured_media":81738,"comment_status":"open","ping_status":"open","sticky":false,"template":"","format":"standard","meta":{"_crdt_document":"","footnotes":""},"categories":[5],"tags":[],"class_list":["post-81737","post","type-post","status-publish","format-standard","has-post-thumbnail","hentry","category-asayis"],"_links":{"self":[{"href":"https:\/\/www.egemtv.com\/index.php?rest_route=\/wp\/v2\/posts\/81737","targetHints":{"allow":["GET"]}}],"collection":[{"href":"https:\/\/www.egemtv.com\/index.php?rest_route=\/wp\/v2\/posts"}],"about":[{"href":"https:\/\/www.egemtv.com\/index.php?rest_route=\/wp\/v2\/types\/post"}],"author":[{"embeddable":true,"href":"https:\/\/www.egemtv.com\/index.php?rest_route=\/wp\/v2\/users\/1"}],"replies":[{"embeddable":true,"href":"https:\/\/www.egemtv.com\/index.php?rest_route=%2Fwp%2Fv2%2Fcomments&post=81737"}],"version-history":[{"count":1,"href":"https:\/\/www.egemtv.com\/index.php?rest_route=\/wp\/v2\/posts\/81737\/revisions"}],"predecessor-version":[{"id":81739,"href":"https:\/\/www.egemtv.com\/index.php?rest_route=\/wp\/v2\/posts\/81737\/revisions\/81739"}],"wp:featuredmedia":[{"embeddable":true,"href":"https:\/\/www.egemtv.com\/index.php?rest_route=\/wp\/v2\/media\/81738"}],"wp:attachment":[{"href":"https:\/\/www.egemtv.com\/index.php?rest_route=%2Fwp%2Fv2%2Fmedia&parent=81737"}],"wp:term":[{"taxonomy":"category","embeddable":true,"href":"https:\/\/www.egemtv.com\/index.php?rest_route=%2Fwp%2Fv2%2Fcategories&post=81737"},{"taxonomy":"post_tag","embeddable":true,"href":"https:\/\/www.egemtv.com\/index.php?rest_route=%2Fwp%2Fv2%2Ftags&post=81737"}],"curies":[{"name":"wp","href":"https:\/\/api.w.org\/{rel}","templated":true}]}}