{"id":81734,"date":"2026-01-19T13:55:12","date_gmt":"2026-01-19T10:55:12","guid":{"rendered":"https:\/\/www.egemtv.com\/?p=81734"},"modified":"2026-01-19T13:55:13","modified_gmt":"2026-01-19T10:55:13","slug":"dpunun-paydasi-oldugu-erasmus-cbhe-read-projesinin-ilk-toplantisi-mogadisuda-yapildi","status":"publish","type":"post","link":"https:\/\/www.egemtv.com\/?p=81734","title":{"rendered":"DP\u00dc\u2019n\u00fcn payda\u015f\u0131 oldu\u011fu Erasmus+ CBHE READ projesinin ilk toplant\u0131s\u0131 Mogadi\u015fu\u2019da yap\u0131ld\u0131"},"content":{"rendered":"<p>K\u00fctahya Dumlup\u0131nar \u00dcniversitesi\u2019nin (DP\u00dc) payda\u015flar\u0131 aras\u0131nda yer ald\u0131\u011f\u0131 Erasmus+ CBHE READ Projesi\u2019nin ilk toplant\u0131s\u0131, Somali\u2019nin ba\u015fkenti Mogadi\u015fu\u2019da SIMAD \u00dcniversitesi ev sahipli\u011finde ger\u00e7ekle\u015ftirildi.<br \/>\n<br \/>Uluslararas\u0131 d\u00fczeyde geni\u015f kat\u0131l\u0131mla d\u00fczenlenen toplant\u0131ya; y\u00fcksek\u00f6\u011fretim temsilcileri, politika yap\u0131c\u0131lar, h\u00fck\u00fcmet yetkilileri ile Avrupa Birli\u011fi, T\u00fcrkiye ve \u0130talya b\u00fcy\u00fckel\u00e7ileri kat\u0131ld\u0131. Ayr\u0131ca enerji, e\u011fitim, iklim ve k\u00fclt\u00fcr alanlar\u0131ndan sorumlu Somali devlet bakanlar\u0131 da toplant\u0131da yer ald\u0131. Toplant\u0131da K\u00fctahya Dumlup\u0131nar \u00dcniversitesi\u2019ni Mimarl\u0131k Fak\u00fcltesi akademisyenlerinden Dr. \u00d6\u011fr. \u00dcyesi Dilcu G\u00f6n\u00fcl ile M\u00fchendislik Fak\u00fcltesi akademisyenlerinden Dr. \u00d6\u011fr. \u00dcyesi Ali Samet \u00d6ngen temsil etti.<br \/>\n<br \/>Avrupa Birli\u011fi taraf\u0131ndan merkezi olarak finanse edilen ve Y\u00fcksek\u00f6\u011fretimde Kapasite Geli\u015ftirme Program\u0131 (CBHE) kapsam\u0131nda desteklenen proje, &#8220;Erasmus-EDU-2025-CBHE-Strand-2&#8221; ba\u015fl\u0131\u011f\u0131 alt\u0131nda 752 bin 488 avro b\u00fct\u00e7eyle y\u00fcr\u00fct\u00fcl\u00fcyor. &#8220;READ: Yenilenebilir Enerjide Uluslararas\u0131 \u0130\u015f Birli\u011fi&#8221; ba\u015fl\u0131kl\u0131 projede DP\u00dc, \u00f6nemli payda\u015f \u00fcniversiteler aras\u0131nda yer ald\u0131.<br \/>\n<br \/>D\u0131\u015f \u0130li\u015fkiler ve Uluslararas\u0131 \u00d6\u011frenci Koordinasyon Uygulama ve Ara\u015ft\u0131rma Merkezi\u2019nden yap\u0131lan a\u00e7\u0131klamaya g\u00f6re projenin temel hedefleri aras\u0131nda; Sahra Alt\u0131 Afrika\u2019daki \u00fcniversitelerde yenilenebilir enerji e\u011fitiminin g\u00fc\u00e7lendirilmesi, akademik m\u00fcfredat\u0131n ve uygulamal\u0131 ara\u015ft\u0131rmalar\u0131n modernize edilmesi, kurumsal kapasitenin geli\u015ftirilmesi ve \u00f6\u011frenciler ile \u00fcniversite personelinin ye\u015fil becerilerinin art\u0131r\u0131lmas\u0131 bulunuyor. Ayr\u0131ca enerji d\u00f6n\u00fc\u015f\u00fcm\u00fcn\u00fc ve iklim direncini desteklemek amac\u0131yla akademik kurumlar, h\u00fck\u00fcmetler ve \u00f6zel sekt\u00f6r aras\u0131ndaki i\u015f birli\u011finin g\u00fc\u00e7lendirilmesi hedefleniyor.<br \/>\n<br \/>Somali, Tanzanya, Malavi, T\u00fcrkiye ve \u0130talya\u2019dan ortaklarla y\u00fcr\u00fct\u00fclen ve 36 ay s\u00fcrecek olan READ Projesi\u2019nin, 500\u2019den fazla \u00f6\u011frenci ile yakla\u015f\u0131k 100 \u00fcniversite \u00e7al\u0131\u015fan\u0131na fayda sa\u011flamas\u0131 bekleniyor. Proje kapsam\u0131nda mezunlara i\u015f g\u00fcc\u00fc piyasas\u0131n\u0131n ihtiya\u00e7lar\u0131na uygun pratik beceriler kazand\u0131r\u0131lmas\u0131 ve yenilenebilir enerji sekt\u00f6r\u00fcnde istihdam edilebilirli\u011fin art\u0131r\u0131lmas\u0131 ama\u00e7lan\u0131yor.<br \/><\/p>\n","protected":false},"excerpt":{"rendered":"<p>K\u00fctahya Dumlup\u0131nar \u00dcniversitesi\u2019nin (DP\u00dc) payda\u015flar\u0131 aras\u0131nda yer ald\u0131\u011f\u0131 Erasmus+ CBHE READ Projesi\u2019nin ilk toplant\u0131s\u0131, Somali\u2019nin ba\u015fkenti Mogadi\u015fu\u2019da SIMAD \u00dcniversitesi ev sahipli\u011finde ger\u00e7ekle\u015ftirildi. Uluslararas\u0131 d\u00fczeyde geni\u015f kat\u0131l\u0131mla d\u00fczenlenen toplant\u0131ya; y\u00fcksek\u00f6\u011fretim temsilcileri, politika yap\u0131c\u0131lar, h\u00fck\u00fcmet yetkilileri ile Avrupa Birli\u011fi, T\u00fcrkiye ve \u0130talya b\u00fcy\u00fckel\u00e7ileri kat\u0131ld\u0131. Ayr\u0131ca enerji, e\u011fitim, iklim ve k\u00fclt\u00fcr alanlar\u0131ndan sorumlu Somali devlet bakanlar\u0131 da toplant\u0131da&#8230;<\/p>\n","protected":false},"author":1,"featured_media":81735,"comment_status":"open","ping_status":"open","sticky":false,"template":"","format":"standard","meta":{"_crdt_document":"","footnotes":""},"categories":[123],"tags":[],"class_list":["post-81734","post","type-post","status-publish","format-standard","has-post-thumbnail","hentry","category-gundem"],"_links":{"self":[{"href":"https:\/\/www.egemtv.com\/index.php?rest_route=\/wp\/v2\/posts\/81734","targetHints":{"allow":["GET"]}}],"collection":[{"href":"https:\/\/www.egemtv.com\/index.php?rest_route=\/wp\/v2\/posts"}],"about":[{"href":"https:\/\/www.egemtv.com\/index.php?rest_route=\/wp\/v2\/types\/post"}],"author":[{"embeddable":true,"href":"https:\/\/www.egemtv.com\/index.php?rest_route=\/wp\/v2\/users\/1"}],"replies":[{"embeddable":true,"href":"https:\/\/www.egemtv.com\/index.php?rest_route=%2Fwp%2Fv2%2Fcomments&post=81734"}],"version-history":[{"count":1,"href":"https:\/\/www.egemtv.com\/index.php?rest_route=\/wp\/v2\/posts\/81734\/revisions"}],"predecessor-version":[{"id":81736,"href":"https:\/\/www.egemtv.com\/index.php?rest_route=\/wp\/v2\/posts\/81734\/revisions\/81736"}],"wp:featuredmedia":[{"embeddable":true,"href":"https:\/\/www.egemtv.com\/index.php?rest_route=\/wp\/v2\/media\/81735"}],"wp:attachment":[{"href":"https:\/\/www.egemtv.com\/index.php?rest_route=%2Fwp%2Fv2%2Fmedia&parent=81734"}],"wp:term":[{"taxonomy":"category","embeddable":true,"href":"https:\/\/www.egemtv.com\/index.php?rest_route=%2Fwp%2Fv2%2Fcategories&post=81734"},{"taxonomy":"post_tag","embeddable":true,"href":"https:\/\/www.egemtv.com\/index.php?rest_route=%2Fwp%2Fv2%2Ftags&post=81734"}],"curies":[{"name":"wp","href":"https:\/\/api.w.org\/{rel}","templated":true}]}}