{"id":81698,"date":"2026-01-19T12:35:02","date_gmt":"2026-01-19T09:35:02","guid":{"rendered":"https:\/\/www.egemtv.com\/?p=81698"},"modified":"2026-01-19T12:35:03","modified_gmt":"2026-01-19T09:35:03","slug":"keklik-ve-tavsan-avi-yasaklandi","status":"publish","type":"post","link":"https:\/\/www.egemtv.com\/?p=81698","title":{"rendered":"Keklik ve tav\u015fan av\u0131 yasakland\u0131"},"content":{"rendered":"<p>Buldan Kara Avc\u0131lar Derne\u011fi, keklik ve yaban tav\u015fan\u0131 av\u0131n\u0131n 18 Ocak 2026 itibar\u0131yla kapand\u0131\u011f\u0131n\u0131 duyurarak, s\u00fcrd\u00fcr\u00fclebilir yaban hayat\u0131 i\u00e7in vatanda\u015flar\u0131 yasa d\u0131\u015f\u0131 avc\u0131l\u0131\u011fa kar\u015f\u0131 duyarl\u0131 olmaya \u00e7a\u011f\u0131r\u0131s\u0131nda bulundu.<br \/>\n<br \/>Buldan Kara Avc\u0131lar Derne\u011fi taraf\u0131ndan yap\u0131lan a\u00e7\u0131klamada, 25 Ekim 2025 tarihinde ba\u015flayan ikinci grup av ku\u015flar\u0131ndan kum kekli\u011fi, k\u0131nal\u0131 keklik ve \u00e7il keklik av\u0131 ile 1. grup memeli hayvanlardan yaban tav\u015fan\u0131 ve tilki av\u0131 18 Ocak 2026 tarihi itibariyle kapand\u0131\u011f\u0131 belirtildi.<br \/>\n<br \/>Av sezonu yaban domuzu , \u00f6rdek, \u00e7ulluk, tahtal\u0131 g\u00fcvercin ve benzeri av hayvanlar\u0131 i\u00e7in Merkez av Komisyonunun belirledi\u011fi tarihlere kadar devam edece\u011fini ifade eden Ba\u015fkan Aytekin, &#8220;S\u00fcrd\u00fcr\u00fclebilir yaban hayat\u0131 i\u00e7in vatanda\u015flar\u0131m\u0131zdan ricada bulunuyoruz, e\u015fle\u015fme ve yavru zaman\u0131 ba\u015flayan keklik ve tav\u015fanlar\u0131 avlayanlar\u0131 g\u00f6rd\u00fc\u011f\u00fcn\u00fcz anda l\u00fctfen 112 acil telefonunu arayarak ihbarda bulununuz&#8221; dedi.<br \/><\/p>\n","protected":false},"excerpt":{"rendered":"<p>Buldan Kara Avc\u0131lar Derne\u011fi, keklik ve yaban tav\u015fan\u0131 av\u0131n\u0131n 18 Ocak 2026 itibar\u0131yla kapand\u0131\u011f\u0131n\u0131 duyurarak, s\u00fcrd\u00fcr\u00fclebilir yaban hayat\u0131 i\u00e7in vatanda\u015flar\u0131 yasa d\u0131\u015f\u0131 avc\u0131l\u0131\u011fa kar\u015f\u0131 duyarl\u0131 olmaya \u00e7a\u011f\u0131r\u0131s\u0131nda bulundu. Buldan Kara Avc\u0131lar Derne\u011fi taraf\u0131ndan yap\u0131lan a\u00e7\u0131klamada, 25 Ekim 2025 tarihinde ba\u015flayan ikinci grup av ku\u015flar\u0131ndan kum kekli\u011fi, k\u0131nal\u0131 keklik ve \u00e7il keklik av\u0131 ile 1. grup&#8230;<\/p>\n","protected":false},"author":1,"featured_media":81699,"comment_status":"open","ping_status":"open","sticky":false,"template":"","format":"standard","meta":{"_crdt_document":"","footnotes":""},"categories":[5],"tags":[],"class_list":["post-81698","post","type-post","status-publish","format-standard","has-post-thumbnail","hentry","category-asayis"],"_links":{"self":[{"href":"https:\/\/www.egemtv.com\/index.php?rest_route=\/wp\/v2\/posts\/81698","targetHints":{"allow":["GET"]}}],"collection":[{"href":"https:\/\/www.egemtv.com\/index.php?rest_route=\/wp\/v2\/posts"}],"about":[{"href":"https:\/\/www.egemtv.com\/index.php?rest_route=\/wp\/v2\/types\/post"}],"author":[{"embeddable":true,"href":"https:\/\/www.egemtv.com\/index.php?rest_route=\/wp\/v2\/users\/1"}],"replies":[{"embeddable":true,"href":"https:\/\/www.egemtv.com\/index.php?rest_route=%2Fwp%2Fv2%2Fcomments&post=81698"}],"version-history":[{"count":1,"href":"https:\/\/www.egemtv.com\/index.php?rest_route=\/wp\/v2\/posts\/81698\/revisions"}],"predecessor-version":[{"id":81700,"href":"https:\/\/www.egemtv.com\/index.php?rest_route=\/wp\/v2\/posts\/81698\/revisions\/81700"}],"wp:featuredmedia":[{"embeddable":true,"href":"https:\/\/www.egemtv.com\/index.php?rest_route=\/wp\/v2\/media\/81699"}],"wp:attachment":[{"href":"https:\/\/www.egemtv.com\/index.php?rest_route=%2Fwp%2Fv2%2Fmedia&parent=81698"}],"wp:term":[{"taxonomy":"category","embeddable":true,"href":"https:\/\/www.egemtv.com\/index.php?rest_route=%2Fwp%2Fv2%2Fcategories&post=81698"},{"taxonomy":"post_tag","embeddable":true,"href":"https:\/\/www.egemtv.com\/index.php?rest_route=%2Fwp%2Fv2%2Ftags&post=81698"}],"curies":[{"name":"wp","href":"https:\/\/api.w.org\/{rel}","templated":true}]}}