{"id":81692,"date":"2026-01-19T12:14:46","date_gmt":"2026-01-19T09:14:46","guid":{"rendered":"https:\/\/www.egemtv.com\/?p=81692"},"modified":"2026-01-19T12:14:47","modified_gmt":"2026-01-19T09:14:47","slug":"bozdoganda-askerler-kuran-i-kerim-ve-turk-bayragi-ile-ugurlandi","status":"publish","type":"post","link":"https:\/\/www.egemtv.com\/?p=81692","title":{"rendered":"Bozdo\u011fan\u2019da askerler Kur\u2019an-\u0131 Kerim ve T\u00fcrk Bayra\u011f\u0131 ile u\u011furland\u0131"},"content":{"rendered":"<p>Ayd\u0131n\u2019\u0131n Bozdo\u011fan il\u00e7esine ba\u011fl\u0131 Yaz\u0131kent Mahallesi K\u0131z\u0131lcak\u0131r mevkiinde, vatani g\u00f6revlerini yerine getirmek \u00fczere askere gidecek gen\u00e7ler i\u00e7in asker yeme\u011fi ve e\u011flence program\u0131 d\u00fczenlendi.<\/p>\n<p>Yo\u011fun kat\u0131l\u0131mla ger\u00e7ekle\u015fen programda, Bozdo\u011fan Belediyesi taraf\u0131ndan haz\u0131rlanan hediyeler askere gidecek gen\u00e7lere takdim edildi. Programa kat\u0131lan Bozdo\u011fan Belediye Meclis \u00dcyesi Harun Ya\u011fc\u0131o\u011flu, Belediye Ba\u015fkan\u0131 Mustafa Galip \u00d6zel\u2019in selamlar\u0131n\u0131 ileterek gen\u00e7lere hay\u0131rl\u0131 teskereler diledi. Program kapsam\u0131nda gen\u00e7lere Bozdo\u011fan Belediyesi ad\u0131na Kur\u2019an-\u0131 Kerim ve T\u00fcrk Bayra\u011f\u0131 hediye edildi. Hediyeleri teslim eden Meclis \u00dcyesi Harun Ya\u011fc\u0131o\u011flu, &#8220;Aya\u011f\u0131n\u0131za ta\u015f de\u011fmesin, sa\u011f salim gidip gelin. \u015eimdiden hay\u0131rl\u0131 tezkereler&#8221; ifadelerini kulland\u0131. Askere gidecek gen\u00e7lerin aileleri ve mahalle sakinleri de programa yo\u011fun ilgi g\u00f6sterdi.<br \/><\/p>\n","protected":false},"excerpt":{"rendered":"<p>Ayd\u0131n\u2019\u0131n Bozdo\u011fan il\u00e7esine ba\u011fl\u0131 Yaz\u0131kent Mahallesi K\u0131z\u0131lcak\u0131r mevkiinde, vatani g\u00f6revlerini yerine getirmek \u00fczere askere gidecek gen\u00e7ler i\u00e7in asker yeme\u011fi ve e\u011flence program\u0131 d\u00fczenlendi. Yo\u011fun kat\u0131l\u0131mla ger\u00e7ekle\u015fen programda, Bozdo\u011fan Belediyesi taraf\u0131ndan haz\u0131rlanan hediyeler askere gidecek gen\u00e7lere takdim edildi. Programa kat\u0131lan Bozdo\u011fan Belediye Meclis \u00dcyesi Harun Ya\u011fc\u0131o\u011flu, Belediye Ba\u015fkan\u0131 Mustafa Galip \u00d6zel\u2019in selamlar\u0131n\u0131 ileterek gen\u00e7lere hay\u0131rl\u0131 teskereler&#8230;<\/p>\n","protected":false},"author":1,"featured_media":81693,"comment_status":"open","ping_status":"open","sticky":false,"template":"","format":"standard","meta":{"_crdt_document":"","footnotes":""},"categories":[1],"tags":[],"class_list":["post-81692","post","type-post","status-publish","format-standard","has-post-thumbnail","hentry","category-guncel"],"_links":{"self":[{"href":"https:\/\/www.egemtv.com\/index.php?rest_route=\/wp\/v2\/posts\/81692","targetHints":{"allow":["GET"]}}],"collection":[{"href":"https:\/\/www.egemtv.com\/index.php?rest_route=\/wp\/v2\/posts"}],"about":[{"href":"https:\/\/www.egemtv.com\/index.php?rest_route=\/wp\/v2\/types\/post"}],"author":[{"embeddable":true,"href":"https:\/\/www.egemtv.com\/index.php?rest_route=\/wp\/v2\/users\/1"}],"replies":[{"embeddable":true,"href":"https:\/\/www.egemtv.com\/index.php?rest_route=%2Fwp%2Fv2%2Fcomments&post=81692"}],"version-history":[{"count":1,"href":"https:\/\/www.egemtv.com\/index.php?rest_route=\/wp\/v2\/posts\/81692\/revisions"}],"predecessor-version":[{"id":81694,"href":"https:\/\/www.egemtv.com\/index.php?rest_route=\/wp\/v2\/posts\/81692\/revisions\/81694"}],"wp:featuredmedia":[{"embeddable":true,"href":"https:\/\/www.egemtv.com\/index.php?rest_route=\/wp\/v2\/media\/81693"}],"wp:attachment":[{"href":"https:\/\/www.egemtv.com\/index.php?rest_route=%2Fwp%2Fv2%2Fmedia&parent=81692"}],"wp:term":[{"taxonomy":"category","embeddable":true,"href":"https:\/\/www.egemtv.com\/index.php?rest_route=%2Fwp%2Fv2%2Fcategories&post=81692"},{"taxonomy":"post_tag","embeddable":true,"href":"https:\/\/www.egemtv.com\/index.php?rest_route=%2Fwp%2Fv2%2Ftags&post=81692"}],"curies":[{"name":"wp","href":"https:\/\/api.w.org\/{rel}","templated":true}]}}