{"id":81689,"date":"2026-01-19T11:55:52","date_gmt":"2026-01-19T08:55:52","guid":{"rendered":"https:\/\/www.egemtv.com\/?p=81689"},"modified":"2026-01-19T11:55:53","modified_gmt":"2026-01-19T08:55:53","slug":"mugla-il-milli-egitim-muduru-cay-mtsk-sinav-sahasinda-incelemelerde-bulundu","status":"publish","type":"post","link":"https:\/\/www.egemtv.com\/?p=81689","title":{"rendered":"Mu\u011fla \u0130l Milli E\u011fitim M\u00fcd\u00fcr\u00fc \u00c7ay, MTSK s\u0131nav sahas\u0131nda incelemelerde bulundu"},"content":{"rendered":"<p>Mu\u011fla \u0130l Milli E\u011fitim M\u00fcd\u00fcr\u00fc Emre \u00c7ay, Mente\u015fe il\u00e7esinde bulunan Motorlu Ta\u015f\u0131t S\u00fcr\u00fcc\u00fc Kurslar\u0131 (MTSK) direksiyon e\u011fitimi ve s\u0131nav alan\u0131nda incelemelerde bulundu.<\/p>\n<p>Hafta sonu ger\u00e7ekle\u015ftirilen ziyarette \u0130l Milli E\u011fitim M\u00fcd\u00fcr\u00fc Emre \u00c7ay, Mente\u015fe MTSK Direksiyon E\u011fitimi ve S\u0131nav Alan\u0131\u2019nda y\u00fcr\u00fct\u00fclen uygulamalar\u0131 yerinde g\u00f6zlemledi. S\u0131nav s\u00fcrecini ad\u0131m ad\u0131m takip eden \u00c7ay, komisyon \u00fcyeleri ve s\u0131nav g\u00f6revlileriyle bir araya gelerek uygulamaya ili\u015fkin de\u011ferlendirmelerde bulundu. \u0130ncelemeler s\u0131ras\u0131nda s\u0131navlar\u0131n g\u00fcvenli, sa\u011fl\u0131kl\u0131 ve kurallara uygun bir ortamda ger\u00e7ekle\u015ftirilmesinin \u00f6nemine dikkat \u00e7eken \u0130l M\u00fcd\u00fcr\u00fc \u00c7ay, adaylar\u0131n de\u011ferlendirilme kriterleri ve uygulamadaki hassasiyetler hakk\u0131nda yetkililerden bilgi ald\u0131. S\u0131nav s\u00fcrecinin \u015feffafl\u0131k ilkesi do\u011frultusunda y\u00fcr\u00fct\u00fclmesi gerekti\u011fini vurgulayan \u00c7ay, g\u00f6revli personele \u00e7al\u0131\u015fmalar\u0131nda ba\u015far\u0131lar diledi.<br \/><\/p>\n","protected":false},"excerpt":{"rendered":"<p>Mu\u011fla \u0130l Milli E\u011fitim M\u00fcd\u00fcr\u00fc Emre \u00c7ay, Mente\u015fe il\u00e7esinde bulunan Motorlu Ta\u015f\u0131t S\u00fcr\u00fcc\u00fc Kurslar\u0131 (MTSK) direksiyon e\u011fitimi ve s\u0131nav alan\u0131nda incelemelerde bulundu. Hafta sonu ger\u00e7ekle\u015ftirilen ziyarette \u0130l Milli E\u011fitim M\u00fcd\u00fcr\u00fc Emre \u00c7ay, Mente\u015fe MTSK Direksiyon E\u011fitimi ve S\u0131nav Alan\u0131\u2019nda y\u00fcr\u00fct\u00fclen uygulamalar\u0131 yerinde g\u00f6zlemledi. S\u0131nav s\u00fcrecini ad\u0131m ad\u0131m takip eden \u00c7ay, komisyon \u00fcyeleri ve s\u0131nav g\u00f6revlileriyle&#8230;<\/p>\n","protected":false},"author":1,"featured_media":81690,"comment_status":"open","ping_status":"open","sticky":false,"template":"","format":"standard","meta":{"_crdt_document":"","footnotes":""},"categories":[1],"tags":[],"class_list":["post-81689","post","type-post","status-publish","format-standard","has-post-thumbnail","hentry","category-guncel"],"_links":{"self":[{"href":"https:\/\/www.egemtv.com\/index.php?rest_route=\/wp\/v2\/posts\/81689","targetHints":{"allow":["GET"]}}],"collection":[{"href":"https:\/\/www.egemtv.com\/index.php?rest_route=\/wp\/v2\/posts"}],"about":[{"href":"https:\/\/www.egemtv.com\/index.php?rest_route=\/wp\/v2\/types\/post"}],"author":[{"embeddable":true,"href":"https:\/\/www.egemtv.com\/index.php?rest_route=\/wp\/v2\/users\/1"}],"replies":[{"embeddable":true,"href":"https:\/\/www.egemtv.com\/index.php?rest_route=%2Fwp%2Fv2%2Fcomments&post=81689"}],"version-history":[{"count":1,"href":"https:\/\/www.egemtv.com\/index.php?rest_route=\/wp\/v2\/posts\/81689\/revisions"}],"predecessor-version":[{"id":81691,"href":"https:\/\/www.egemtv.com\/index.php?rest_route=\/wp\/v2\/posts\/81689\/revisions\/81691"}],"wp:featuredmedia":[{"embeddable":true,"href":"https:\/\/www.egemtv.com\/index.php?rest_route=\/wp\/v2\/media\/81690"}],"wp:attachment":[{"href":"https:\/\/www.egemtv.com\/index.php?rest_route=%2Fwp%2Fv2%2Fmedia&parent=81689"}],"wp:term":[{"taxonomy":"category","embeddable":true,"href":"https:\/\/www.egemtv.com\/index.php?rest_route=%2Fwp%2Fv2%2Fcategories&post=81689"},{"taxonomy":"post_tag","embeddable":true,"href":"https:\/\/www.egemtv.com\/index.php?rest_route=%2Fwp%2Fv2%2Ftags&post=81689"}],"curies":[{"name":"wp","href":"https:\/\/api.w.org\/{rel}","templated":true}]}}