{"id":81686,"date":"2026-01-19T11:55:51","date_gmt":"2026-01-19T08:55:51","guid":{"rendered":"https:\/\/www.egemtv.com\/?p=81686"},"modified":"2026-01-19T11:55:52","modified_gmt":"2026-01-19T08:55:52","slug":"izmirde-aranan-firari-gizlendigi-konteynerde-yakalandi","status":"publish","type":"post","link":"https:\/\/www.egemtv.com\/?p=81686","title":{"rendered":"\u0130zmir\u2019de aranan firari, gizlendi\u011fi konteynerde yakaland\u0131"},"content":{"rendered":"<p>\u0130zmir\u2019in Karaba\u011flar il\u00e7esinde, hakk\u0131nda 14 y\u0131l kesinle\u015fmi\u015f hapis cezas\u0131 bulunan firari h\u00fck\u00fcml\u00fc, sakland\u0131\u011f\u0131 konteynerde polis ekiplerince yakaland\u0131.<br \/>\n<br \/>Karaba\u011flar \u0130l\u00e7e Emniyet M\u00fcd\u00fcrl\u00fc\u011f\u00fc Su\u00e7 \u00d6nleme ve Soru\u015fturma B\u00fcro Amirli\u011fi ekipleri, aranan \u015fah\u0131slar\u0131n yakalanmas\u0131na y\u00f6nelik y\u00fcr\u00fctt\u00fc\u011f\u00fc \u00e7al\u0131\u015fmalar kapsam\u0131nda, \u2019kamu kurum ve kurulu\u015flar\u0131nda bulunan e\u015fya hakk\u0131nda h\u0131rs\u0131zl\u0131k\u2019 su\u00e7undan aranan \u00d6.\u00c7.\u2019nin (53) bir konteynerde sakland\u0131\u011f\u0131 bilgisine ula\u015ft\u0131. Saha ve teknik \u00e7al\u0131\u015fmalar neticesinde konteynerin yerini tespit eden ekipler, belirlenen adrese operasyon d\u00fczenledi. Ger\u00e7ekle\u015ftirilen bask\u0131nda \u00d6.\u00c7. polis ekipleri taraf\u0131ndan k\u0131sk\u0131vrak yakalanarak g\u00f6zalt\u0131na al\u0131nd\u0131.<br \/>\n<br \/>\u015eahs\u0131n yap\u0131lan UYAP sorgulamas\u0131nda, \u2019h\u0131rs\u0131zl\u0131k\u2019 su\u00e7undan hakk\u0131nda 14 y\u0131l 15 g\u00fcn kesinle\u015fmi\u015f hapis cezas\u0131 oldu\u011fu belirlendi. Yakalanan \u015fah\u0131s, emniyetteki i\u015flemlerinin tamamlanmas\u0131 amac\u0131yla Ye\u015filyurt \u015eehitler Polis Merkezi Amirli\u011fi\u2019ne teslim edildi.<br \/><\/p>\n","protected":false},"excerpt":{"rendered":"<p>\u0130zmir\u2019in Karaba\u011flar il\u00e7esinde, hakk\u0131nda 14 y\u0131l kesinle\u015fmi\u015f hapis cezas\u0131 bulunan firari h\u00fck\u00fcml\u00fc, sakland\u0131\u011f\u0131 konteynerde polis ekiplerince yakaland\u0131. Karaba\u011flar \u0130l\u00e7e Emniyet M\u00fcd\u00fcrl\u00fc\u011f\u00fc Su\u00e7 \u00d6nleme ve Soru\u015fturma B\u00fcro Amirli\u011fi ekipleri, aranan \u015fah\u0131slar\u0131n yakalanmas\u0131na y\u00f6nelik y\u00fcr\u00fctt\u00fc\u011f\u00fc \u00e7al\u0131\u015fmalar kapsam\u0131nda, \u2019kamu kurum ve kurulu\u015flar\u0131nda bulunan e\u015fya hakk\u0131nda h\u0131rs\u0131zl\u0131k\u2019 su\u00e7undan aranan \u00d6.\u00c7.\u2019nin (53) bir konteynerde sakland\u0131\u011f\u0131 bilgisine ula\u015ft\u0131. Saha ve teknik&#8230;<\/p>\n","protected":false},"author":1,"featured_media":81687,"comment_status":"open","ping_status":"open","sticky":false,"template":"","format":"standard","meta":{"_crdt_document":"","footnotes":""},"categories":[5],"tags":[],"class_list":["post-81686","post","type-post","status-publish","format-standard","has-post-thumbnail","hentry","category-asayis"],"_links":{"self":[{"href":"https:\/\/www.egemtv.com\/index.php?rest_route=\/wp\/v2\/posts\/81686","targetHints":{"allow":["GET"]}}],"collection":[{"href":"https:\/\/www.egemtv.com\/index.php?rest_route=\/wp\/v2\/posts"}],"about":[{"href":"https:\/\/www.egemtv.com\/index.php?rest_route=\/wp\/v2\/types\/post"}],"author":[{"embeddable":true,"href":"https:\/\/www.egemtv.com\/index.php?rest_route=\/wp\/v2\/users\/1"}],"replies":[{"embeddable":true,"href":"https:\/\/www.egemtv.com\/index.php?rest_route=%2Fwp%2Fv2%2Fcomments&post=81686"}],"version-history":[{"count":1,"href":"https:\/\/www.egemtv.com\/index.php?rest_route=\/wp\/v2\/posts\/81686\/revisions"}],"predecessor-version":[{"id":81688,"href":"https:\/\/www.egemtv.com\/index.php?rest_route=\/wp\/v2\/posts\/81686\/revisions\/81688"}],"wp:featuredmedia":[{"embeddable":true,"href":"https:\/\/www.egemtv.com\/index.php?rest_route=\/wp\/v2\/media\/81687"}],"wp:attachment":[{"href":"https:\/\/www.egemtv.com\/index.php?rest_route=%2Fwp%2Fv2%2Fmedia&parent=81686"}],"wp:term":[{"taxonomy":"category","embeddable":true,"href":"https:\/\/www.egemtv.com\/index.php?rest_route=%2Fwp%2Fv2%2Fcategories&post=81686"},{"taxonomy":"post_tag","embeddable":true,"href":"https:\/\/www.egemtv.com\/index.php?rest_route=%2Fwp%2Fv2%2Ftags&post=81686"}],"curies":[{"name":"wp","href":"https:\/\/api.w.org\/{rel}","templated":true}]}}