{"id":81683,"date":"2026-01-19T11:55:50","date_gmt":"2026-01-19T08:55:50","guid":{"rendered":"https:\/\/www.egemtv.com\/?p=81683"},"modified":"2026-01-19T11:55:51","modified_gmt":"2026-01-19T08:55:51","slug":"kirazda-traktor-kazasi-1-olu","status":"publish","type":"post","link":"https:\/\/www.egemtv.com\/?p=81683","title":{"rendered":"Kiraz\u2019da trakt\u00f6r kazas\u0131: 1 \u00f6l\u00fc"},"content":{"rendered":"<p>\u0130zmir\u2019in Kiraz il\u00e7esinde devrilen trakt\u00f6r\u00fcn alt\u0131nda kalan s\u00fcr\u00fcc\u00fc hayat\u0131n\u0131 kaybetti.<br \/>\n<br \/>Olay sabah saat 05.30 s\u0131ralar\u0131nda meydana geldi. Al\u0131nan bilgiye g\u00f6re, Haliller Mahallesi\u2019nden Tekb\u0131\u00e7aklar Mahallesi\u2019ne seyreden Kadir \u00c7ift\u00e7i (30) y\u00f6netimindeki 35 BKH 175 plakal\u0131 trakt\u00f6r, e\u011fimli ve virajl\u0131 yolda kontrolden \u00e7\u0131karak incir ekili tarlaya devrildi. S\u00fcr\u00fcc\u00fc, trakt\u00f6r\u00fcn arka tekerinin alt\u0131nda kalarak olay yerinde hayat\u0131n\u0131 kaybetti. Kazayla ilgili inceleme ba\u015flat\u0131ld\u0131.<br \/><\/p>\n","protected":false},"excerpt":{"rendered":"<p>\u0130zmir\u2019in Kiraz il\u00e7esinde devrilen trakt\u00f6r\u00fcn alt\u0131nda kalan s\u00fcr\u00fcc\u00fc hayat\u0131n\u0131 kaybetti. Olay sabah saat 05.30 s\u0131ralar\u0131nda meydana geldi. Al\u0131nan bilgiye g\u00f6re, Haliller Mahallesi\u2019nden Tekb\u0131\u00e7aklar Mahallesi\u2019ne seyreden Kadir \u00c7ift\u00e7i (30) y\u00f6netimindeki 35 BKH 175 plakal\u0131 trakt\u00f6r, e\u011fimli ve virajl\u0131 yolda kontrolden \u00e7\u0131karak incir ekili tarlaya devrildi. S\u00fcr\u00fcc\u00fc, trakt\u00f6r\u00fcn arka tekerinin alt\u0131nda kalarak olay yerinde hayat\u0131n\u0131 kaybetti. Kazayla&#8230;<\/p>\n","protected":false},"author":1,"featured_media":81684,"comment_status":"open","ping_status":"open","sticky":false,"template":"","format":"standard","meta":{"_crdt_document":"","footnotes":""},"categories":[5],"tags":[],"class_list":["post-81683","post","type-post","status-publish","format-standard","has-post-thumbnail","hentry","category-asayis"],"_links":{"self":[{"href":"https:\/\/www.egemtv.com\/index.php?rest_route=\/wp\/v2\/posts\/81683","targetHints":{"allow":["GET"]}}],"collection":[{"href":"https:\/\/www.egemtv.com\/index.php?rest_route=\/wp\/v2\/posts"}],"about":[{"href":"https:\/\/www.egemtv.com\/index.php?rest_route=\/wp\/v2\/types\/post"}],"author":[{"embeddable":true,"href":"https:\/\/www.egemtv.com\/index.php?rest_route=\/wp\/v2\/users\/1"}],"replies":[{"embeddable":true,"href":"https:\/\/www.egemtv.com\/index.php?rest_route=%2Fwp%2Fv2%2Fcomments&post=81683"}],"version-history":[{"count":1,"href":"https:\/\/www.egemtv.com\/index.php?rest_route=\/wp\/v2\/posts\/81683\/revisions"}],"predecessor-version":[{"id":81685,"href":"https:\/\/www.egemtv.com\/index.php?rest_route=\/wp\/v2\/posts\/81683\/revisions\/81685"}],"wp:featuredmedia":[{"embeddable":true,"href":"https:\/\/www.egemtv.com\/index.php?rest_route=\/wp\/v2\/media\/81684"}],"wp:attachment":[{"href":"https:\/\/www.egemtv.com\/index.php?rest_route=%2Fwp%2Fv2%2Fmedia&parent=81683"}],"wp:term":[{"taxonomy":"category","embeddable":true,"href":"https:\/\/www.egemtv.com\/index.php?rest_route=%2Fwp%2Fv2%2Fcategories&post=81683"},{"taxonomy":"post_tag","embeddable":true,"href":"https:\/\/www.egemtv.com\/index.php?rest_route=%2Fwp%2Fv2%2Ftags&post=81683"}],"curies":[{"name":"wp","href":"https:\/\/api.w.org\/{rel}","templated":true}]}}