{"id":81680,"date":"2026-01-19T11:34:58","date_gmt":"2026-01-19T08:34:58","guid":{"rendered":"https:\/\/www.egemtv.com\/?p=81680"},"modified":"2026-01-19T11:34:59","modified_gmt":"2026-01-19T08:34:59","slug":"aydin-buyuksehir-belediyesinden-aduye-ulasim-altyapisi-destegi","status":"publish","type":"post","link":"https:\/\/www.egemtv.com\/?p=81680","title":{"rendered":"Ayd\u0131n B\u00fcy\u00fck\u015fehir Belediyesi\u2019nden AD\u00dc\u2019ye ula\u015f\u0131m altyap\u0131s\u0131 deste\u011fi"},"content":{"rendered":"<p>Ayd\u0131n B\u00fcy\u00fck\u015fehir Belediyesi ekipleri taraf\u0131ndan Ayd\u0131n Adnan Menderes \u00dcniversitesi (AD\u00dc) Sa\u011fl\u0131k Kamp\u00fcs\u00fc s\u0131n\u0131rlar\u0131 i\u00e7erisinde yer alan ve yo\u011fun ara\u00e7 trafi\u011fine maruz kalan yol g\u00fczergah\u0131nda s\u0131cak asfalt yama \u00e7al\u0131\u015fmas\u0131 ger\u00e7ekle\u015ftirildi.<\/p>\n<p>KYK yurtlar\u0131 ile Di\u015f Hekimli\u011fi Fak\u00fcltesi in\u015faat alan\u0131n\u0131n da bulundu\u011fu, \u00f6zellikle yolcu otob\u00fcsleri ve a\u011f\u0131r vas\u0131ta kamyonlar taraf\u0131ndan aktif olarak kullan\u0131lan s\u00f6z konusu yolda, deformasyona u\u011frayan b\u00f6l\u00fcmlerde s\u0131cak asfalt yama i\u015flemi yap\u0131larak ula\u015f\u0131m altyap\u0131s\u0131 iyile\u015ftirildi. Ger\u00e7ekle\u015ftirilen \u00e7al\u0131\u015fmalar kapsam\u0131nda yol y\u00fczeyindeki olumsuzluklar giderilerek s\u00fcr\u00fc\u015f konforu ve trafik g\u00fcvenli\u011fi art\u0131r\u0131ld\u0131. Yap\u0131lan s\u0131cak asfalt yama \u00e7al\u0131\u015fmalar\u0131yla birlikte, \u00fcniversite yerle\u015fkesi i\u00e7erisindeki ula\u015f\u0131m\u0131n daha g\u00fcvenli ve konforlu hale getirildi. Ayr\u0131ca \u00f6\u011frencilerileri, akademik ve idari personel ile kamp\u00fcs\u00fc kullanan ziyaret\u00e7iler i\u00e7in daha d\u00fczenli ve g\u00fcvenli bir ula\u015f\u0131m ortam\u0131 olu\u015fturuldu. AD\u00dc ile Ayd\u0131n B\u00fcy\u00fck\u015fehir Belediyesi aras\u0131nda y\u00fcr\u00fct\u00fclen i\u015f birli\u011fi \u00e7er\u00e7evesinde hayata ge\u00e7irilen bu \u00e7al\u0131\u015fma, Sa\u011fl\u0131k Kamp\u00fcs\u00fc\u2019n\u00fcn fiziki altyap\u0131s\u0131n\u0131n g\u00fc\u00e7lendirilmesine ve kamp\u00fcs i\u00e7i ula\u015f\u0131m imkanlar\u0131n\u0131n iyile\u015ftirilmesine \u00f6nemli katk\u0131 sa\u011flad\u0131.<\/p>\n<p>Konuya ili\u015fkin de\u011ferlendirmelerde bulunan AD\u00dc Rekt\u00f6r\u00fc Prof. Dr. B\u00fclent Kent, yap\u0131lan s\u0131cak asfalt yama \u00e7al\u0131\u015fmalar\u0131n\u0131n, kamp\u00fcs\u00fc yo\u011fun olarak kullanan \u00f6\u011frenciler, akademik ve idari personel ile ziyaret\u00e7ilerin ula\u015f\u0131m g\u00fcvenli\u011fi ve konforu a\u00e7\u0131s\u0131ndan b\u00fcy\u00fck \u00f6nem ta\u015f\u0131d\u0131\u011f\u0131n\u0131 vurgulad\u0131. Rekt\u00f6r Prof. Dr. Kent, \u00f6zellikle a\u011f\u0131r tonajl\u0131 ara\u00e7 trafi\u011finin yo\u011fun oldu\u011fu b\u00f6lgelerde ger\u00e7ekle\u015ftirilen bu t\u00fcr bak\u0131m ve onar\u0131m \u00e7al\u0131\u015fmalar\u0131n\u0131n, yol g\u00fcvenli\u011finin sa\u011flanmas\u0131 ve mevcut yol \u00f6mr\u00fcn\u00fcn uzat\u0131lmas\u0131 a\u00e7\u0131s\u0131ndan de\u011ferli oldu\u011funu ifade etti. \u00dcniversite olarak yerle\u015fke genelinde s\u00fcrd\u00fcr\u00fclebilir, g\u00fcvenli ve modern bir ula\u015f\u0131m altyap\u0131s\u0131 olu\u015fturmay\u0131 hedeflediklerini belirten Kent, bu hedef do\u011frultusunda yerel y\u00f6netimlerle ger\u00e7ekle\u015ftirilen i\u015f birliklerinin b\u00fcy\u00fck \u00f6nem ta\u015f\u0131d\u0131\u011f\u0131n\u0131 dile getirdi. Prof. Dr. Kent, Sa\u011fl\u0131k Kamp\u00fcs\u00fc\u2019nde ger\u00e7ekle\u015ftirilen bu \u00e7al\u0131\u015fman\u0131n \u00fcniversite-\u015fehir i\u015f birli\u011finin somut bir g\u00f6stergesi oldu\u011funu ifade ederek, kamp\u00fcs\u00fcn geli\u015fimine sa\u011flad\u0131klar\u0131 katk\u0131lar ve verdikleri desteklerden dolay\u0131 Ayd\u0131n B\u00fcy\u00fck\u015fehir Belediye Ba\u015fkan\u0131 \u00d6zlem \u00c7er\u00e7io\u011flu\u2019na te\u015fekk\u00fcrlerini iletti.<br \/><\/p>\n","protected":false},"excerpt":{"rendered":"<p>Ayd\u0131n B\u00fcy\u00fck\u015fehir Belediyesi ekipleri taraf\u0131ndan Ayd\u0131n Adnan Menderes \u00dcniversitesi (AD\u00dc) Sa\u011fl\u0131k Kamp\u00fcs\u00fc s\u0131n\u0131rlar\u0131 i\u00e7erisinde yer alan ve yo\u011fun ara\u00e7 trafi\u011fine maruz kalan yol g\u00fczergah\u0131nda s\u0131cak asfalt yama \u00e7al\u0131\u015fmas\u0131 ger\u00e7ekle\u015ftirildi. KYK yurtlar\u0131 ile Di\u015f Hekimli\u011fi Fak\u00fcltesi in\u015faat alan\u0131n\u0131n da bulundu\u011fu, \u00f6zellikle yolcu otob\u00fcsleri ve a\u011f\u0131r vas\u0131ta kamyonlar taraf\u0131ndan aktif olarak kullan\u0131lan s\u00f6z konusu yolda, deformasyona u\u011frayan&#8230;<\/p>\n","protected":false},"author":1,"featured_media":81681,"comment_status":"open","ping_status":"open","sticky":false,"template":"","format":"standard","meta":{"_crdt_document":"","footnotes":""},"categories":[1],"tags":[],"class_list":["post-81680","post","type-post","status-publish","format-standard","has-post-thumbnail","hentry","category-guncel"],"_links":{"self":[{"href":"https:\/\/www.egemtv.com\/index.php?rest_route=\/wp\/v2\/posts\/81680","targetHints":{"allow":["GET"]}}],"collection":[{"href":"https:\/\/www.egemtv.com\/index.php?rest_route=\/wp\/v2\/posts"}],"about":[{"href":"https:\/\/www.egemtv.com\/index.php?rest_route=\/wp\/v2\/types\/post"}],"author":[{"embeddable":true,"href":"https:\/\/www.egemtv.com\/index.php?rest_route=\/wp\/v2\/users\/1"}],"replies":[{"embeddable":true,"href":"https:\/\/www.egemtv.com\/index.php?rest_route=%2Fwp%2Fv2%2Fcomments&post=81680"}],"version-history":[{"count":1,"href":"https:\/\/www.egemtv.com\/index.php?rest_route=\/wp\/v2\/posts\/81680\/revisions"}],"predecessor-version":[{"id":81682,"href":"https:\/\/www.egemtv.com\/index.php?rest_route=\/wp\/v2\/posts\/81680\/revisions\/81682"}],"wp:featuredmedia":[{"embeddable":true,"href":"https:\/\/www.egemtv.com\/index.php?rest_route=\/wp\/v2\/media\/81681"}],"wp:attachment":[{"href":"https:\/\/www.egemtv.com\/index.php?rest_route=%2Fwp%2Fv2%2Fmedia&parent=81680"}],"wp:term":[{"taxonomy":"category","embeddable":true,"href":"https:\/\/www.egemtv.com\/index.php?rest_route=%2Fwp%2Fv2%2Fcategories&post=81680"},{"taxonomy":"post_tag","embeddable":true,"href":"https:\/\/www.egemtv.com\/index.php?rest_route=%2Fwp%2Fv2%2Ftags&post=81680"}],"curies":[{"name":"wp","href":"https:\/\/api.w.org\/{rel}","templated":true}]}}